{"id":328324,"date":"2022-02-02T18:24:14","date_gmt":"2022-02-02T22:24:14","guid":{"rendered":"http:\/\/diariodominicano.com\/?p=328324"},"modified":"2022-02-02T18:32:15","modified_gmt":"2022-02-02T22:32:15","slug":"la-confederacion-de-beisbol-del-caribe-otorga-el-boton-de-oro-a-francisco-camacho","status":"publish","type":"post","link":"https:\/\/diariodominicano.com\/?p=328324","title":{"rendered":"La Confederaci\u00f3n de B\u00e9isbol del Caribe otorga el Bot\u00f3n de Oro a Francisco Camacho\u00a0"},"content":{"rendered":"\n<p> Juan Franciscos Puello Herrera, presidente de la Confederaci\u00f3n de B\u00e9isbol del Caribe, entrega reconocimiento y Bot\u00f3n de Oro al ministro de Deportes, Franciscos Camacho, por sus importantes aportes al \u00e9xito de la Serie del Caribe Santo Domingo 2022. <\/p>\n\n\n\n<p><strong><em>Destaca que fue la \u201cfigura determinante\u201d para celebrar la \u201cexitosa\u201d Serie del Caribe 2022<u><\/u>&nbsp;<u><\/u><\/em><\/strong><\/p>\n\n\n\n<figure class=\"wp-block-image size-large\"><img loading=\"lazy\" decoding=\"async\" width=\"1024\" height=\"683\" src=\"https:\/\/diariodominicano.com\/wp-content\/uploads\/2022\/02\/IMG_7294-1024x683.jpg\" alt=\"\" class=\"wp-image-328327\" srcset=\"https:\/\/diariodominicano.com\/wp-content\/uploads\/2022\/02\/IMG_7294-1024x683.jpg 1024w, https:\/\/diariodominicano.com\/wp-content\/uploads\/2022\/02\/IMG_7294-300x200.jpg 300w, https:\/\/diariodominicano.com\/wp-content\/uploads\/2022\/02\/IMG_7294-768x512.jpg 768w, https:\/\/diariodominicano.com\/wp-content\/uploads\/2022\/02\/IMG_7294-1536x1024.jpg 1536w, https:\/\/diariodominicano.com\/wp-content\/uploads\/2022\/02\/IMG_7294-816x544.jpg 816w, https:\/\/diariodominicano.com\/wp-content\/uploads\/2022\/02\/IMG_7294.jpg 1620w\" sizes=\"auto, (max-width: 1024px) 100vw, 1024px\" \/><\/figure>\n\n\n\n<p><strong>Santo Domingo, RD.<\/strong>&#8211; El presidente de la Confederaci\u00f3n de B\u00e9isbol Profesional del Caribe, Juan Francisco Puello Herrera, resalt\u00f3 este mi\u00e9rcoles el rol \u201cdeterminante\u201d desempe\u00f1ado por el ministro de Deportes, Francisco Camacho, para el montaje y celebraci\u00f3n de la \u201cexitosa\u201d Serie de Caribe 2022 que se disputa en el Estadio Quisqueya Juan Marichal, de la capital.\u00a0<\/p>\n\n\n\n<p>Puello Herrera habl\u00f3 sobre los aportes de Camacho al certamen caribe\u00f1o durante el acto de exaltaci\u00f3n de la Clase Inmortal 2022 de la Serie del Caribe, donde la confederaci\u00f3n entreg\u00f3 el Bot\u00f3n de Oro al responsable de dirigir la pol\u00edtica deportiva del Gobierno dominicano que encabeza el presidente Luis Abinader.&nbsp;<\/p>\n\n\n\n<figure class=\"wp-block-image size-large\"><img loading=\"lazy\" decoding=\"async\" width=\"1024\" height=\"683\" src=\"https:\/\/diariodominicano.com\/wp-content\/uploads\/2022\/02\/IMG_7293-1024x683.jpg\" alt=\"\" class=\"wp-image-328332\" srcset=\"https:\/\/diariodominicano.com\/wp-content\/uploads\/2022\/02\/IMG_7293-1024x683.jpg 1024w, https:\/\/diariodominicano.com\/wp-content\/uploads\/2022\/02\/IMG_7293-300x200.jpg 300w, https:\/\/diariodominicano.com\/wp-content\/uploads\/2022\/02\/IMG_7293-768x512.jpg 768w, https:\/\/diariodominicano.com\/wp-content\/uploads\/2022\/02\/IMG_7293-1536x1024.jpg 1536w, https:\/\/diariodominicano.com\/wp-content\/uploads\/2022\/02\/IMG_7293-816x544.jpg 816w, https:\/\/diariodominicano.com\/wp-content\/uploads\/2022\/02\/IMG_7293.jpg 1620w\" sizes=\"auto, (max-width: 1024px) 100vw, 1024px\" \/><\/figure>\n\n\n\n<p>La condecoraci\u00f3n a Camacho se produjo en el auditorio del Pabell\u00f3n de la Fama del Deporte Dominicano, como parte de la ceremonia de exaltaci\u00f3n al Sal\u00f3n de la Fama del Caribe de David (Big Papi) Ortiz y Tony Batista, as\u00ed como del exreceptor Jos\u00e9 Luis Saint-Claire Lucas (G\u00fcig\u00fc\u00ed) y el propulsor Juanchy S\u00e1nchez, estos dos \u00faltimos fallecidos.&nbsp;<\/p>\n\n\n\n<p>G\u00fcig\u00fc\u00ed Lucas fue un estelar receptor dominicano que particip\u00f3 en la primera etapa de la Serie del Caribe jugando para tres equipos de Puerto Rico y uno de Venezuela. Junto a Juan Esteban Vargas (Tetelo) fueron los dos primeros jugadores de Rep\u00fablica Dominicana que accionaron en el cl\u00e1sico caribe\u00f1o.&nbsp;<\/p>\n\n\n\n<p>Puello Herrera, quien impuso el bot\u00f3n y entreg\u00f3 a Camacho una camiseta alusiva a la Serie del Caribe, precis\u00f3 que el ministro de Deportes \u201cha sido importante y preponderante en el \u00e9xito del cl\u00e1sico regional\u201d.&nbsp;<\/p>\n\n\n\n<p>Al mismo tiempo, resalt\u00f3 la humildad que caracteriza al funcionario, de quien agreg\u00f3 que \u201cfue la v\u00eda directa ante el presidente de la Rep\u00fablica cuando nos abocamos a visitar a Luis Abinader para buscar el aval y respaldo para celebrar la Serie del Caribe en nuestro pa\u00eds\u201d.&nbsp;<\/p>\n\n\n\n<p>Dijo que antes y durante la celebraci\u00f3n de la Serie, Camacho ha sido una figura determinante para que la Rep\u00fablica Dominicana celebre la que podr\u00eda ser la mejor Serie del Caribe que se haya montado en el pa\u00eds.&nbsp;<\/p>\n\n\n\n<p>La confederaci\u00f3n tambi\u00e9n reconoci\u00f3 con el Bot\u00f3n de Oro al experimentado cronista deportivo e inmortal del deporte dominicano Tony Pi\u00f1a C\u00e1mpora, porque ha sido el mayor recopilador de informaciones sobre la historia de la Serie del Caribe.\u00a0<\/p>\n\n\n\n<figure class=\"wp-block-image size-large\"><img loading=\"lazy\" decoding=\"async\" width=\"683\" height=\"1024\" src=\"https:\/\/diariodominicano.com\/wp-content\/uploads\/2022\/02\/IMG_7291-1-683x1024.jpg\" alt=\"\" class=\"wp-image-328330\" srcset=\"https:\/\/diariodominicano.com\/wp-content\/uploads\/2022\/02\/IMG_7291-1-683x1024.jpg 683w, https:\/\/diariodominicano.com\/wp-content\/uploads\/2022\/02\/IMG_7291-1-200x300.jpg 200w, https:\/\/diariodominicano.com\/wp-content\/uploads\/2022\/02\/IMG_7291-1-768x1152.jpg 768w, https:\/\/diariodominicano.com\/wp-content\/uploads\/2022\/02\/IMG_7291-1-1024x1536.jpg 1024w, https:\/\/diariodominicano.com\/wp-content\/uploads\/2022\/02\/IMG_7291-1-816x1224.jpg 816w, https:\/\/diariodominicano.com\/wp-content\/uploads\/2022\/02\/IMG_7291-1-rotated.jpg 1080w\" sizes=\"auto, (max-width: 683px) 100vw, 683px\" \/><\/figure>\n\n\n\n<p><strong>Camacho agradece<\/strong><\/p>\n\n\n\n<p>Francisco Camacho agradeci\u00f3 la distinci\u00f3n, asegurando que la mismo tiene detr\u00e1s a un gran m\u00e1nager, en la persona del presidente Luis Abinader.&nbsp;<\/p>\n\n\n\n<p>\u201cEs una honra recibir este reconocimiento delante de grandes luminarias como las aqu\u00ed presentes\u201d, dijo en referencia a los inmortales de Cooperstown Juan Marichal, Vladimir Guerrero y David Ortiz.&nbsp;&nbsp;<\/p>\n\n\n\n<p>En ese orden, Camacho agreg\u00f3 que recib\u00eda el reconocimiento en nombre del Gobierno dominicano y de su presidente, Luis Abinader, cuyo respaldo calific\u00f3 de vital para la celebraci\u00f3n en el pa\u00eds de la Serie del Caribe, y del \u00e9xito de la competici\u00f3n.&nbsp;<\/p>\n\n\n\n<p>\u201cPara recibir esto se debe tener detr\u00e1s a un gran equipo y junto a eso contar con el mejor m\u00e1nager. Por eso recibo este homenaje en nombre de ese gran dirigente, que es el presidente Luis Abinader\u201d, manifest\u00f3.&nbsp;<\/p>\n\n\n\n<p>Camacho expres\u00f3 que, con el reconocimiento, la Confederaci\u00f3n de B\u00e9isbol Profesional del Caribe distingue a los dem\u00e1s funcionarios del Gobierno de Abinader, as\u00ed como al equipo de trabajo que le acompa\u00f1a en el Ministerio de Deportes.&nbsp;<\/p>\n\n\n\n<p>Comunicaciones MIDEREC 20-24<a target=\"_blank\" href=\"mailto:twittermdeportesrd@gmail.com\" rel=\"noreferrer noopener\">twittermdeportesrd@gmail.com<\/a><\/p>\n\n\n\n<p><br><\/p>\n","protected":false},"excerpt":{"rendered":"<p>Juan Franciscos Puello Herrera, presidente de la Confederaci\u00f3n de B\u00e9isbol del Caribe, entrega reconocimiento y Bot\u00f3n de Oro al ministro de Deportes, Franciscos Camacho, por sus importantes aportes al \u00e9xito de la Serie del Caribe Santo Domingo 2022. Destaca que fue la \u201cfigura determinante\u201d para celebrar la \u201cexitosa\u201d Serie del Caribe 2022&nbsp; Santo Domingo, RD.&#8211; [&hellip;]<\/p>\n","protected":false},"author":28,"featured_media":328325,"comment_status":"closed","ping_status":"","sticky":true,"template":"","format":"standard","meta":{"footnotes":""},"categories":[17,27],"tags":[],"class_list":["post-328324","post","type-post","status-publish","format-standard","has-post-thumbnail","hentry","category-deportes","category-portada"],"_links":{"self":[{"href":"https:\/\/diariodominicano.com\/index.php?rest_route=\/wp\/v2\/posts\/328324","targetHints":{"allow":["GET"]}}],"collection":[{"href":"https:\/\/diariodominicano.com\/index.php?rest_route=\/wp\/v2\/posts"}],"about":[{"href":"https:\/\/diariodominicano.com\/index.php?rest_route=\/wp\/v2\/types\/post"}],"author":[{"embeddable":true,"href":"https:\/\/diariodominicano.com\/index.php?rest_route=\/wp\/v2\/users\/28"}],"replies":[{"embeddable":true,"href":"https:\/\/diariodominicano.com\/index.php?rest_route=%2Fwp%2Fv2%2Fcomments&post=328324"}],"version-history":[{"count":4,"href":"https:\/\/diariodominicano.com\/index.php?rest_route=\/wp\/v2\/posts\/328324\/revisions"}],"predecessor-version":[{"id":328333,"href":"https:\/\/diariodominicano.com\/index.php?rest_route=\/wp\/v2\/posts\/328324\/revisions\/328333"}],"wp:featuredmedia":[{"embeddable":true,"href":"https:\/\/diariodominicano.com\/index.php?rest_route=\/wp\/v2\/media\/328325"}],"wp:attachment":[{"href":"https:\/\/diariodominicano.com\/index.php?rest_route=%2Fwp%2Fv2%2Fmedia&parent=328324"}],"wp:term":[{"taxonomy":"category","embeddable":true,"href":"https:\/\/diariodominicano.com\/index.php?rest_route=%2Fwp%2Fv2%2Fcategories&post=328324"},{"taxonomy":"post_tag","embeddable":true,"href":"https:\/\/diariodominicano.com\/index.php?rest_route=%2Fwp%2Fv2%2Ftags&post=328324"}],"curies":[{"name":"wp","href":"https:\/\/api.w.org\/{rel}","templated":true}]}}