{"id":328152,"date":"2022-02-01T22:41:16","date_gmt":"2022-02-02T02:41:16","guid":{"rendered":"http:\/\/diariodominicano.com\/?p=328152"},"modified":"2022-02-01T22:41:48","modified_gmt":"2022-02-02T02:41:48","slug":"comite-organizador-xl-copa-independencia-boxeo-en-trabajo-permanente-anuncia-fechas","status":"publish","type":"post","link":"https:\/\/diariodominicano.com\/?p=328152","title":{"rendered":"Comit\u00e9 Organizador XL Copa Independencia\u00a0Boxeo en trabajo permanente, anuncia fechas"},"content":{"rendered":"\n<p> <strong>Fotograf\u00eda  del encuentro m\u00e1s reciente del Comit\u00e9 Organizador de la XL Copa Independencia de Boxeo Internacional: En el centro, el ingeniero Andr\u00e9s Cueto, presidente del Comit\u00e9 Organizador; la gobernadora provincial, licenciada Rosa Santos, directora general; licenciado Rub\u00e9n Garc\u00eda, presidente de FEDOBOXA; ingeniero Bienvenido Solano, presidente advitam de FEDOBOXA; los se\u00f1ores de ese comit\u00e9, Ariel Acosta, secretario; Tony Pe\u00f1a R, director provincial de deportes; Daisy D\u00edaz, directora de protocolo; V\u00edctor Alm\u00e1nzar, del Comit\u00e9 Organizador y Emmanuel Garc\u00eda Musa; Josu\u00e9 G\u00f3mez, de cultura, as\u00ed como otros personajes que laboran en pro de una buena organizaci\u00f3n del certamen box\u00edstico.<\/strong><\/p>\n\n\n\n<p> <\/p>\n\n\n\n<p><\/p>\n\n\n\n<p>S<strong>ANTIAGO DE LOS CABALLEROS, Santiago, RD, 1 de febrero de 2022. <\/strong>\u00a0El Comit\u00e9 Organizador de la XL Copa Independencia de Boxeo Internacional, el cual preside el ingeniero Andr\u00e9s Cueto, anunci\u00f3 que el evento ser\u00e1 realizado los d\u00edas 17, 18, 19, 20 y 21 de febrero en un escenario que ser\u00e1 anunciado oficialmente este mi\u00e9rcoles.<\/p>\n\n\n\n<p><strong>E<\/strong>l ingeniero Cueto, gerente general de EDENORTE, ofreci\u00f3 la informaci\u00f3n durante una reuni\u00f3n ampliada del Comit\u00e9 Organizador realizada recientemente, en la cual, adem\u00e1s participaron representantes de las diversas comisiones de trabajos y otros ejecutivos.<\/p>\n\n\n\n<p><strong>A<\/strong>delant\u00f3 que se han estado reuniendo constantemente entre ellos y los representantes de la Federaci\u00f3n Dominicana de Boxeo, asegurando que tienen todo atado para la buena realizaci\u00f3n del evento.<\/p>\n\n\n\n<p><strong>S<\/strong>orprendi\u00f3 al dar a conocer que, este mi\u00e9rcoles, se efectuar\u00e1 un encuentro con el Comit\u00e9 Organizador y representantes de los organismos de trabajos, donde se ofrecer\u00e1n detalles importantes en todos los renglones, incluso, se hablar\u00e1 de equipos extranjeros que aseguraron su participaci\u00f3n, entre otros temas de envergadura.<\/p>\n\n\n\n<p> <strong>Texto y foto enviados por: Oscar Polanco<\/strong> <\/p>\n","protected":false},"excerpt":{"rendered":"<p>Fotograf\u00eda del encuentro m\u00e1s reciente del Comit\u00e9 Organizador de la XL Copa Independencia de Boxeo Internacional: En el centro, el ingeniero Andr\u00e9s Cueto, presidente del Comit\u00e9 Organizador; la gobernadora provincial, licenciada Rosa Santos, directora general; licenciado Rub\u00e9n Garc\u00eda, presidente de FEDOBOXA; ingeniero Bienvenido Solano, presidente advitam de FEDOBOXA; los se\u00f1ores de ese comit\u00e9, Ariel Acosta, [&hellip;]<\/p>\n","protected":false},"author":28,"featured_media":328154,"comment_status":"closed","ping_status":"","sticky":true,"template":"","format":"standard","meta":{"footnotes":""},"categories":[17,27],"tags":[],"class_list":["post-328152","post","type-post","status-publish","format-standard","has-post-thumbnail","hentry","category-deportes","category-portada"],"_links":{"self":[{"href":"https:\/\/diariodominicano.com\/index.php?rest_route=\/wp\/v2\/posts\/328152","targetHints":{"allow":["GET"]}}],"collection":[{"href":"https:\/\/diariodominicano.com\/index.php?rest_route=\/wp\/v2\/posts"}],"about":[{"href":"https:\/\/diariodominicano.com\/index.php?rest_route=\/wp\/v2\/types\/post"}],"author":[{"embeddable":true,"href":"https:\/\/diariodominicano.com\/index.php?rest_route=\/wp\/v2\/users\/28"}],"replies":[{"embeddable":true,"href":"https:\/\/diariodominicano.com\/index.php?rest_route=%2Fwp%2Fv2%2Fcomments&post=328152"}],"version-history":[{"count":2,"href":"https:\/\/diariodominicano.com\/index.php?rest_route=\/wp\/v2\/posts\/328152\/revisions"}],"predecessor-version":[{"id":328155,"href":"https:\/\/diariodominicano.com\/index.php?rest_route=\/wp\/v2\/posts\/328152\/revisions\/328155"}],"wp:featuredmedia":[{"embeddable":true,"href":"https:\/\/diariodominicano.com\/index.php?rest_route=\/wp\/v2\/media\/328154"}],"wp:attachment":[{"href":"https:\/\/diariodominicano.com\/index.php?rest_route=%2Fwp%2Fv2%2Fmedia&parent=328152"}],"wp:term":[{"taxonomy":"category","embeddable":true,"href":"https:\/\/diariodominicano.com\/index.php?rest_route=%2Fwp%2Fv2%2Fcategories&post=328152"},{"taxonomy":"post_tag","embeddable":true,"href":"https:\/\/diariodominicano.com\/index.php?rest_route=%2Fwp%2Fv2%2Ftags&post=328152"}],"curies":[{"name":"wp","href":"https:\/\/api.w.org\/{rel}","templated":true}]}}