{"id":327537,"date":"2022-01-30T19:01:49","date_gmt":"2022-01-30T23:01:49","guid":{"rendered":"http:\/\/diariodominicano.com\/?p=327537"},"modified":"2022-01-31T04:04:04","modified_gmt":"2022-01-31T08:04:04","slug":"ministro-de-deportes-lanza-la-primera-bola-en-serie-del-caribe","status":"publish","type":"post","link":"https:\/\/diariodominicano.com\/?p=327537","title":{"rendered":"Ministro de Deportes lanza la primera bola en Serie del Caribe"},"content":{"rendered":"\n<p><br>Destac\u00f3 que con la remodelaci\u00f3n que dispuso el presidente Abinader del Estadio Quisqueya habr\u00e1 que hablar de \u00abun antes y un despu\u00e9s\u00bb en el parque capitalino.<\/p>\n\n\n\n<p><strong><br>Santo Domingo, RD, 30 de enero de 2022. &#8211;<\/strong> El ministro de Deportes, Francisco Camacho, revel\u00f3 que el Gobierno del presidente Luis Abinader continuar\u00e1 su pol\u00edtica de rescatar las instalaciones deportivas del pa\u00eds y pidi\u00f3 a los actores que inciden en el Estadio Quisqueya a que, \u201ccuiden la obra como una ni\u00f1a\u201d.&nbsp;<br>En ese sentido, afirm\u00f3 que ya se puede decir en cuanto al legendario parque capitalino, que ya se puede hablar de un \u201cantes y un despu\u00e9s\u201d cuando concluya la Serie del Caribe 2022 en el pa\u00eds.<\/p>\n\n\n\n<figure class=\"wp-block-image size-full\"><img loading=\"lazy\" decoding=\"async\" width=\"1024\" height=\"746\" src=\"https:\/\/diariodominicano.com\/wp-content\/uploads\/2022\/01\/cffd0290-af2e-4c06-a1ae-69a2079ab264.jpeg\" alt=\"\" class=\"wp-image-327539\" srcset=\"https:\/\/diariodominicano.com\/wp-content\/uploads\/2022\/01\/cffd0290-af2e-4c06-a1ae-69a2079ab264.jpeg 1024w, https:\/\/diariodominicano.com\/wp-content\/uploads\/2022\/01\/cffd0290-af2e-4c06-a1ae-69a2079ab264-300x219.jpeg 300w, https:\/\/diariodominicano.com\/wp-content\/uploads\/2022\/01\/cffd0290-af2e-4c06-a1ae-69a2079ab264-768x560.jpeg 768w, https:\/\/diariodominicano.com\/wp-content\/uploads\/2022\/01\/cffd0290-af2e-4c06-a1ae-69a2079ab264-816x594.jpeg 816w\" sizes=\"auto, (max-width: 1024px) 100vw, 1024px\" \/><\/figure>\n\n\n\n<p><br>Sus consideraciones las extern\u00f3 momentos despu\u00e9s de lanzar la primera bola, previo al partido entre Puerto Rico y la Rep\u00fablica Dominicana, donde dijo que \u201clanc\u00e9 un strike medio a medio\u201d.<br>\u201cMe qued\u00e9 sorprendido al llegar al estadio, ver la gran cantidad de fan\u00e1ticos que est\u00e1 respaldando la Serie del Caribe y al equipo dominicano\u201d, subray\u00f3.<br>Dijo que jam\u00e1s el estadio Quisqueya hab\u00eda sido acondicionado como est\u00e1 ahora para recibir la Serie del Caribe 2022.&nbsp;<br>\u201cQuiero que los fan\u00e1ticos tambi\u00e9n lo cuiden y lo adoren, porque instalaciones como estas son del pueblo y si se deterioran, son los j\u00f3venes los que sufren\u201d, expres\u00f3.<br>Camacho resalt\u00f3 los trabajos que fueron realizados en el nuevo sistema de iluminaci\u00f3n led del estadio Quisqueya Juan Marichal, para la celebraci\u00f3n de la Serie del Caribe.&nbsp;<br>\u201cEsto fue un compromiso del presidente de la Rep\u00fablica y en tiempo r\u00e9cord se cumpli\u00f3 con su palabra\u201d, dijo Camacho.<br>El funcionario explic\u00f3 que se tuvo la previsi\u00f3n de lograr una garant\u00eda de 10 a\u00f1os con la empresa que instal\u00f3 el moderno sistema de iluminaci\u00f3n.&nbsp;<br>\u00abCualquier cosa que no funcione o se estropee, tendr\u00e1n la responsabilidad de venir a cambiar cualquier pieza que se nos da\u00f1e en el \u00e1rea del sistema de iluminaci\u00f3n\u00bb, asever\u00f3.&nbsp;<br>Camacho record\u00f3 que anteriores luces del Quisqueya ten\u00edan muchos a\u00f1os de uso y eran de sistema de resistencia y duraban hasta m\u00e1s de 30 minutos para encender, algo il\u00f3gico en este siglo XXI.<\/p>\n\n\n\n<figure class=\"wp-block-image size-full\"><img loading=\"lazy\" decoding=\"async\" width=\"1024\" height=\"513\" src=\"https:\/\/diariodominicano.com\/wp-content\/uploads\/2022\/01\/816034cd-ec52-48da-b850-76973ab1d0fd.jpg\" alt=\"\" class=\"wp-image-327540\" srcset=\"https:\/\/diariodominicano.com\/wp-content\/uploads\/2022\/01\/816034cd-ec52-48da-b850-76973ab1d0fd.jpg 1024w, https:\/\/diariodominicano.com\/wp-content\/uploads\/2022\/01\/816034cd-ec52-48da-b850-76973ab1d0fd-300x150.jpg 300w, https:\/\/diariodominicano.com\/wp-content\/uploads\/2022\/01\/816034cd-ec52-48da-b850-76973ab1d0fd-768x385.jpg 768w, https:\/\/diariodominicano.com\/wp-content\/uploads\/2022\/01\/816034cd-ec52-48da-b850-76973ab1d0fd-816x409.jpg 816w, https:\/\/diariodominicano.com\/wp-content\/uploads\/2022\/01\/816034cd-ec52-48da-b850-76973ab1d0fd-400x200.jpg 400w\" sizes=\"auto, (max-width: 1024px) 100vw, 1024px\" \/><\/figure>\n\n\n\n<p><br>Expuso que antes de comenzar la Serie del Caribe en la supervisi\u00f3n que hizo de los trabajos, pudo ver que ahora las nuevas luces led se apagan como un bombillo normal y garantizan un 65 por ciento de ahorro en la energ\u00eda el\u00e9ctrica<br>La Serie del Caribe Santo Domingo 2022 se est\u00e1 celebrando con la participaci\u00f3n de los equipos campeones de M\u00e9xico, Venezuela, Puerto Rico, Rep\u00fablica Dominicana, y los pa\u00edses invitados de Panam\u00e1 y Colombia y culminar\u00e1 el pr\u00f3ximo jueves donde se definir\u00e1 el campe\u00f3n.<br>Camacho afirm\u00f3 que se sobrepas\u00f3 lo programado con el sistema de iluminaci\u00f3n en el Estadio Quisqueya, tanto en el \u00e1rea del cuadro interior como de los jardines.&nbsp;<br>Subray\u00f3 que con el montaje de esas luminarias se garantiza que en la Rep\u00fablica Dominicana se puedan celebrar partidos de Grandes Ligas y del Cl\u00e1sico Mundial de B\u00e9isbol, entre otros eventos de gran calidad.<\/p>\n\n\n\n<p>Comunicaciones MIDEREC 20-24<a target=\"_blank\" href=\"mailto:twittermdeportesrd@gmail.com\" rel=\"noreferrer noopener\">twittermdeportesrd@gmail.com<\/a><\/p>\n","protected":false},"excerpt":{"rendered":"<p>Destac\u00f3 que con la remodelaci\u00f3n que dispuso el presidente Abinader del Estadio Quisqueya habr\u00e1 que hablar de \u00abun antes y un despu\u00e9s\u00bb en el parque capitalino. Santo Domingo, RD, 30 de enero de 2022. &#8211; El ministro de Deportes, Francisco Camacho, revel\u00f3 que el Gobierno del presidente Luis Abinader continuar\u00e1 su pol\u00edtica de rescatar las [&hellip;]<\/p>\n","protected":false},"author":28,"featured_media":327625,"comment_status":"closed","ping_status":"","sticky":true,"template":"","format":"standard","meta":{"footnotes":""},"categories":[17,27],"tags":[],"class_list":["post-327537","post","type-post","status-publish","format-standard","has-post-thumbnail","hentry","category-deportes","category-portada"],"_links":{"self":[{"href":"https:\/\/diariodominicano.com\/index.php?rest_route=\/wp\/v2\/posts\/327537","targetHints":{"allow":["GET"]}}],"collection":[{"href":"https:\/\/diariodominicano.com\/index.php?rest_route=\/wp\/v2\/posts"}],"about":[{"href":"https:\/\/diariodominicano.com\/index.php?rest_route=\/wp\/v2\/types\/post"}],"author":[{"embeddable":true,"href":"https:\/\/diariodominicano.com\/index.php?rest_route=\/wp\/v2\/users\/28"}],"replies":[{"embeddable":true,"href":"https:\/\/diariodominicano.com\/index.php?rest_route=%2Fwp%2Fv2%2Fcomments&post=327537"}],"version-history":[{"count":2,"href":"https:\/\/diariodominicano.com\/index.php?rest_route=\/wp\/v2\/posts\/327537\/revisions"}],"predecessor-version":[{"id":327641,"href":"https:\/\/diariodominicano.com\/index.php?rest_route=\/wp\/v2\/posts\/327537\/revisions\/327641"}],"wp:featuredmedia":[{"embeddable":true,"href":"https:\/\/diariodominicano.com\/index.php?rest_route=\/wp\/v2\/media\/327625"}],"wp:attachment":[{"href":"https:\/\/diariodominicano.com\/index.php?rest_route=%2Fwp%2Fv2%2Fmedia&parent=327537"}],"wp:term":[{"taxonomy":"category","embeddable":true,"href":"https:\/\/diariodominicano.com\/index.php?rest_route=%2Fwp%2Fv2%2Fcategories&post=327537"},{"taxonomy":"post_tag","embeddable":true,"href":"https:\/\/diariodominicano.com\/index.php?rest_route=%2Fwp%2Fv2%2Ftags&post=327537"}],"curies":[{"name":"wp","href":"https:\/\/api.w.org\/{rel}","templated":true}]}}