{"id":327516,"date":"2022-01-30T18:14:52","date_gmt":"2022-01-30T22:14:52","guid":{"rendered":"http:\/\/diariodominicano.com\/?p=327516"},"modified":"2022-01-30T18:14:52","modified_gmt":"2022-01-30T22:14:52","slug":"nadal-rey-en-australia-y-maximo-ganador-de-grand-slams","status":"publish","type":"post","link":"https:\/\/diariodominicano.com\/?p=327516","title":{"rendered":"Nadal rey en Australia y m\u00e1ximo ganador de Grand Slams"},"content":{"rendered":"\n<p>Melbourne, Australia, 30 ene (Prensa Latina) El espa\u00f1ol Rafael Nadal venci\u00f3 hoy al ruso Daniil Medvedev (2-6, 6-7 (5-7), 6-4, 6-4 y 7-5) en una dram\u00e1tica final en el Abierto de Australia para quedar solo en la cima del ranking de m\u00e1ximos ganadores de Grand Slam.<\/p>\n\n\n\n<ul class=\"wp-block-list\"><li>enero 30, 2022<\/li><li>CST09:48 (GMT) -0500<\/li><\/ul>\n\n\n\n<p>A sus 35 a\u00f1os, el tenista balear super\u00f3 los demonios del desconcierto luego de un \u00faltimo semestre plet\u00f3rico de dudas a causa de lesiones y sac\u00f3 a relucir su casta de campe\u00f3n en un partido que signific\u00f3 su vig\u00e9simo primer majors y romper la igualdad con Roger Federer y Novak Djokovic, quienes completan el nombrado Big Three.<\/p>\n\n\n\n<p>Con remontada incluida frente a una afici\u00f3n cercana al delirio, el nacido en la ciudad de Manacor tir\u00f3 de su experiencia para minimizar el \u00edmpetu de Medvedev, cuyo juego pasaba por obtener su segundo lauro en este tipo de cert\u00e1menes y acceder a la cumbre del listado mundial.<\/p>\n\n\n\n<p>Fueron cinco horas de alta tensi\u00f3n en la pista principal del estadio multiprop\u00f3sito Rod Laver Arena, donde el ruso alcanz\u00f3 la asombrosa friolera de 23 aces, pero sucumbi\u00f3 en un ambiente m\u00e1gico, envuelto en drama, que otorg\u00f3 a su rival su segundo trofeo en Melbourne.<\/p>\n\n\n\n<p>Y es que con los primeros dos sets a su favor, todo indicaba que Medvedev, cuyos 25 abriles advierten un futuro a\u00fan m\u00e1s incre\u00edble en este deporte, tumbar\u00eda a otro gigante como lo hizo en septiembre pasado en la final del Open de Estados Unidos, cuando minimiz\u00f3 al serbio Djokovic.<\/p>\n\n\n\n<p>Empero, el ib\u00e9rico ratific\u00f3 su grandeza y golpe tras golpe, como quien teclea su historia de vida, complet\u00f3 una aut\u00e9ntica obra de arte que casi hace olvidar su paso por el quir\u00f3fano hace cinco meses, recuperaci\u00f3n despu\u00e9s contraer la Covid-19 y aquellas ideas de guardar las raquetas en una caj\u00f3n ante tantas vicisitudes.<\/p>\n\n\n\n<p>Con el \u00faltimo punto del encuentro y en medio de aplausos, Nadal levant\u00f3 unos brazos que cargaron en 2005 su primer trofeo de Grand Slam, mientras el euroasi\u00e1tico mir\u00f3 at\u00f3nito a su incombustible oponente, cuya fuerza mental toca niveles insospechados.<\/p>\n\n\n\n<p>As\u00ed, la tabla actualizada de principales exponentes en Majors exhibe a Nadal, Federer y Djokovic, ambos con 20, en los tres esca\u00f1os superiores, por delante de Pete Sampras (14) y Bjorn Borg (11).<\/p>\n\n\n\n<p>jha\/jdg<\/p>\n\n\n\n<p><\/p>\n","protected":false},"excerpt":{"rendered":"<p>Melbourne, Australia, 30 ene (Prensa Latina) El espa\u00f1ol Rafael Nadal venci\u00f3 hoy al ruso Daniil Medvedev (2-6, 6-7 (5-7), 6-4, 6-4 y 7-5) en una dram\u00e1tica final en el Abierto de Australia para quedar solo en la cima del ranking de m\u00e1ximos ganadores de Grand Slam. enero 30, 2022 CST09:48 (GMT) -0500 A sus 35 [&hellip;]<\/p>\n","protected":false},"author":28,"featured_media":327517,"comment_status":"closed","ping_status":"","sticky":false,"template":"","format":"standard","meta":{"footnotes":""},"categories":[17],"tags":[],"class_list":["post-327516","post","type-post","status-publish","format-standard","has-post-thumbnail","hentry","category-deportes"],"_links":{"self":[{"href":"https:\/\/diariodominicano.com\/index.php?rest_route=\/wp\/v2\/posts\/327516","targetHints":{"allow":["GET"]}}],"collection":[{"href":"https:\/\/diariodominicano.com\/index.php?rest_route=\/wp\/v2\/posts"}],"about":[{"href":"https:\/\/diariodominicano.com\/index.php?rest_route=\/wp\/v2\/types\/post"}],"author":[{"embeddable":true,"href":"https:\/\/diariodominicano.com\/index.php?rest_route=\/wp\/v2\/users\/28"}],"replies":[{"embeddable":true,"href":"https:\/\/diariodominicano.com\/index.php?rest_route=%2Fwp%2Fv2%2Fcomments&post=327516"}],"version-history":[{"count":1,"href":"https:\/\/diariodominicano.com\/index.php?rest_route=\/wp\/v2\/posts\/327516\/revisions"}],"predecessor-version":[{"id":327518,"href":"https:\/\/diariodominicano.com\/index.php?rest_route=\/wp\/v2\/posts\/327516\/revisions\/327518"}],"wp:featuredmedia":[{"embeddable":true,"href":"https:\/\/diariodominicano.com\/index.php?rest_route=\/wp\/v2\/media\/327517"}],"wp:attachment":[{"href":"https:\/\/diariodominicano.com\/index.php?rest_route=%2Fwp%2Fv2%2Fmedia&parent=327516"}],"wp:term":[{"taxonomy":"category","embeddable":true,"href":"https:\/\/diariodominicano.com\/index.php?rest_route=%2Fwp%2Fv2%2Fcategories&post=327516"},{"taxonomy":"post_tag","embeddable":true,"href":"https:\/\/diariodominicano.com\/index.php?rest_route=%2Fwp%2Fv2%2Ftags&post=327516"}],"curies":[{"name":"wp","href":"https:\/\/api.w.org\/{rel}","templated":true}]}}