{"id":327507,"date":"2022-01-30T18:06:42","date_gmt":"2022-01-30T22:06:42","guid":{"rendered":"http:\/\/diariodominicano.com\/?p=327507"},"modified":"2022-01-30T18:06:42","modified_gmt":"2022-01-30T22:06:42","slug":"danes-christian-eriksen-volvera-al-futbol-en-el-brentford-ingles","status":"publish","type":"post","link":"https:\/\/diariodominicano.com\/?p=327507","title":{"rendered":"Dan\u00e9s Christian Eriksen volver\u00e1 al f\u00fatbol en el Brentford ingl\u00e9s"},"content":{"rendered":"\n<h1 class=\"wp-block-heading\"><\/h1>\n\n\n\n<p>Londres, 30 ene (Prensa Latina) Tras el dram\u00e1tico suceso vivido en la \u00faltima Eurocopa, el dan\u00e9s Christian Eriksen super\u00f3 hoy con \u00e9xito el reconocimiento m\u00e9dico en el proceso de convertirse en el nuevo fichaje del club ingl\u00e9s Brentford.<\/p>\n\n\n\n<ul class=\"wp-block-list\"><li>enero 30, 2022<\/li><li>CST14:48 (GMT) -0500<\/li><\/ul>\n\n\n\n<p>De acuerdo con la primicia de Sky Sports, el exjugador del Inter de Mil\u00e1n no tuvo inconvenientes para superar las pruebas de rigor y todo est\u00e1 listo para oficializarse un contrato por seis meses en un equipo que lucha por mantener la categor\u00eda en la Premier League.<\/p>\n\n\n\n<p>A sus 29 a\u00f1os, Eriksen est\u00e1 cerca de lograr lo que mucho catalogaban de imposible, luego de sufrir un paro cardiaco mientras disputaba un partido contra Finlandia en junio de 2021.<\/p>\n\n\n\n<p>El Brentford marcha en la decimocuarta posici\u00f3n de la liga inglesa, con un total de 26 unidades, despu\u00e9s de seis victorias, cinco empates y 12 derrotas en 23 encuentros disputados.<\/p>\n\n\n\n<p>mgt\/jdg<\/p>\n","protected":false},"excerpt":{"rendered":"<p>Londres, 30 ene (Prensa Latina) Tras el dram\u00e1tico suceso vivido en la \u00faltima Eurocopa, el dan\u00e9s Christian Eriksen super\u00f3 hoy con \u00e9xito el reconocimiento m\u00e9dico en el proceso de convertirse en el nuevo fichaje del club ingl\u00e9s Brentford. enero 30, 2022 CST14:48 (GMT) -0500 De acuerdo con la primicia de Sky Sports, el exjugador del [&hellip;]<\/p>\n","protected":false},"author":28,"featured_media":327508,"comment_status":"closed","ping_status":"","sticky":false,"template":"","format":"standard","meta":{"footnotes":""},"categories":[17],"tags":[],"class_list":["post-327507","post","type-post","status-publish","format-standard","has-post-thumbnail","hentry","category-deportes"],"_links":{"self":[{"href":"https:\/\/diariodominicano.com\/index.php?rest_route=\/wp\/v2\/posts\/327507","targetHints":{"allow":["GET"]}}],"collection":[{"href":"https:\/\/diariodominicano.com\/index.php?rest_route=\/wp\/v2\/posts"}],"about":[{"href":"https:\/\/diariodominicano.com\/index.php?rest_route=\/wp\/v2\/types\/post"}],"author":[{"embeddable":true,"href":"https:\/\/diariodominicano.com\/index.php?rest_route=\/wp\/v2\/users\/28"}],"replies":[{"embeddable":true,"href":"https:\/\/diariodominicano.com\/index.php?rest_route=%2Fwp%2Fv2%2Fcomments&post=327507"}],"version-history":[{"count":1,"href":"https:\/\/diariodominicano.com\/index.php?rest_route=\/wp\/v2\/posts\/327507\/revisions"}],"predecessor-version":[{"id":327509,"href":"https:\/\/diariodominicano.com\/index.php?rest_route=\/wp\/v2\/posts\/327507\/revisions\/327509"}],"wp:featuredmedia":[{"embeddable":true,"href":"https:\/\/diariodominicano.com\/index.php?rest_route=\/wp\/v2\/media\/327508"}],"wp:attachment":[{"href":"https:\/\/diariodominicano.com\/index.php?rest_route=%2Fwp%2Fv2%2Fmedia&parent=327507"}],"wp:term":[{"taxonomy":"category","embeddable":true,"href":"https:\/\/diariodominicano.com\/index.php?rest_route=%2Fwp%2Fv2%2Fcategories&post=327507"},{"taxonomy":"post_tag","embeddable":true,"href":"https:\/\/diariodominicano.com\/index.php?rest_route=%2Fwp%2Fv2%2Ftags&post=327507"}],"curies":[{"name":"wp","href":"https:\/\/api.w.org\/{rel}","templated":true}]}}