{"id":327495,"date":"2022-01-30T17:48:43","date_gmt":"2022-01-30T21:48:43","guid":{"rendered":"http:\/\/diariodominicano.com\/?p=327495"},"modified":"2022-01-30T17:48:43","modified_gmt":"2022-01-30T21:48:43","slug":"evaluan-positivamente-desarrollo-de-serie-del-caribe-de-beisbol-2022","status":"publish","type":"post","link":"https:\/\/diariodominicano.com\/?p=327495","title":{"rendered":"Eval\u00faan positivamente desarrollo de Serie del Caribe de b\u00e9isbol 2022"},"content":{"rendered":"\n<p>Santo Domingo, 30 ene (Prensa Latina) El Comisionado de Beisbol del Caribe, Juan Francisco Puello, evalu\u00f3 hoy positivamente el desarrollo de los primeros d\u00edas de la Serie del Caribe 2022, que se celebra en el estadio Quisqueya, de la capital dominicana.Share on facebook&nbsp;Share on twitter&nbsp;Share on whatsapp&nbsp;Share on telegram&nbsp;Share on email<\/p>\n\n\n\n<ul class=\"wp-block-list\"><li>enero 30, 2022<\/li><li>CST15:29 (GMT) -0500<\/li><\/ul>\n\n\n\n<p>Seg\u00fan Puello, las primeras jornadas del torneo se han celebrado con gran calidad en el terreno de juego y la afici\u00f3n respalda con gran entusiasmo a la competencia a pesar de las limitaciones impuestas por las autoridades sanitarias debido a la Covid-19, por lo cual solo se permite ocupar el 75 por ciento de la capacidad del estadio.<\/p>\n\n\n\n<p>Alab\u00f3 el tener el sistema de repeticiones ( VAR), algo novedoso en este torneo que fue contratado por la Confederaci\u00f3n de B\u00e9isbol Profesional del Caribe y dijo ha sido una verdadera revoluci\u00f3n.<\/p>\n\n\n\n<p>\u201cHemos visto excelentes equipos en el terreno de juego con jugadores de mucha calidad, que lo est\u00e1n dando todo por sus Ligas y tienen inter\u00e9s en ganar la corona\u201d, agreg\u00f3.<\/p>\n\n\n\n<p>mgt\/ema<\/p>\n","protected":false},"excerpt":{"rendered":"<p>Santo Domingo, 30 ene (Prensa Latina) El Comisionado de Beisbol del Caribe, Juan Francisco Puello, evalu\u00f3 hoy positivamente el desarrollo de los primeros d\u00edas de la Serie del Caribe 2022, que se celebra en el estadio Quisqueya, de la capital dominicana.Share on facebook&nbsp;Share on twitter&nbsp;Share on whatsapp&nbsp;Share on telegram&nbsp;Share on email enero 30, 2022 CST15:29 [&hellip;]<\/p>\n","protected":false},"author":28,"featured_media":327496,"comment_status":"closed","ping_status":"","sticky":true,"template":"","format":"standard","meta":{"footnotes":""},"categories":[17,27],"tags":[],"class_list":["post-327495","post","type-post","status-publish","format-standard","has-post-thumbnail","hentry","category-deportes","category-portada"],"_links":{"self":[{"href":"https:\/\/diariodominicano.com\/index.php?rest_route=\/wp\/v2\/posts\/327495","targetHints":{"allow":["GET"]}}],"collection":[{"href":"https:\/\/diariodominicano.com\/index.php?rest_route=\/wp\/v2\/posts"}],"about":[{"href":"https:\/\/diariodominicano.com\/index.php?rest_route=\/wp\/v2\/types\/post"}],"author":[{"embeddable":true,"href":"https:\/\/diariodominicano.com\/index.php?rest_route=\/wp\/v2\/users\/28"}],"replies":[{"embeddable":true,"href":"https:\/\/diariodominicano.com\/index.php?rest_route=%2Fwp%2Fv2%2Fcomments&post=327495"}],"version-history":[{"count":1,"href":"https:\/\/diariodominicano.com\/index.php?rest_route=\/wp\/v2\/posts\/327495\/revisions"}],"predecessor-version":[{"id":327497,"href":"https:\/\/diariodominicano.com\/index.php?rest_route=\/wp\/v2\/posts\/327495\/revisions\/327497"}],"wp:featuredmedia":[{"embeddable":true,"href":"https:\/\/diariodominicano.com\/index.php?rest_route=\/wp\/v2\/media\/327496"}],"wp:attachment":[{"href":"https:\/\/diariodominicano.com\/index.php?rest_route=%2Fwp%2Fv2%2Fmedia&parent=327495"}],"wp:term":[{"taxonomy":"category","embeddable":true,"href":"https:\/\/diariodominicano.com\/index.php?rest_route=%2Fwp%2Fv2%2Fcategories&post=327495"},{"taxonomy":"post_tag","embeddable":true,"href":"https:\/\/diariodominicano.com\/index.php?rest_route=%2Fwp%2Fv2%2Ftags&post=327495"}],"curies":[{"name":"wp","href":"https:\/\/api.w.org\/{rel}","templated":true}]}}