{"id":327122,"date":"2022-01-28T21:16:51","date_gmt":"2022-01-29T01:16:51","guid":{"rendered":"http:\/\/diariodominicano.com\/?p=327122"},"modified":"2022-01-28T21:16:51","modified_gmt":"2022-01-29T01:16:51","slug":"graduados-900-nuevos-profesionales-para-el-deporte-en-cuba","status":"publish","type":"post","link":"https:\/\/diariodominicano.com\/?p=327122","title":{"rendered":"Graduados 900 nuevos profesionales para el deporte en Cuba"},"content":{"rendered":"\n<h1 class=\"wp-block-heading\"><\/h1>\n\n\n\n<p>La Habana, 28 ene (Prensa Latina) La Universidad de Ciencias de la Cultura F\u00edsica y Deportes Manuel Fajardo de Cuba gradu\u00f3 hoy a 900 nuevos profesionales en su 44 promoci\u00f3n, hornada que viene a engrosar las filas del movimiento deportivo de la isla.<\/p>\n\n\n\n<ul class=\"wp-block-list\"><li>enero 28, 2022<\/li><li>CST17:45 (GMT) -0500<\/li><\/ul>\n\n\n\n<ul class=\"wp-block-list\"><li>Fotos: Tomada de Cubadebate<\/li><\/ul>\n\n\n\n<p>El agasajo tuvo como sede al coliseo de la Ciudad Deportiva de esta capital, sede de la entidad rectora de la actividad f\u00edsica en la isla y estuvo dedicada al 169 aniversario del natalicio del h\u00e9roe nacional Jos\u00e9 Mart\u00ed, y al centenario de la Federaci\u00f3n Estudiantil Universitaria (FEU).<\/p>\n\n\n\n<p>Entre estos nuevos Licenciados, hubo destaque para 27 de ellos quienes forman parte de la pir\u00e1mide del alto rendimiento del pa\u00eds y cuentan con una impresionante hoja de servicios al conquistar preseas en juegos ol\u00edmpicos, lides regionales y campeonatos mundiales.<\/p>\n\n\n\n<p>Del listado emergi\u00f3 como mejor estudiante del curso para atletas el canoista Fernando Day\u00e1n Jorge, ganador de la medalla de oro en la cita bajo los cinco aros de Tokio 2020 junto a Serguei Torres.<\/p>\n\n\n\n<p>En conversaci\u00f3n con Prensa Latina, Jorge se\u00f1al\u00f3 que este t\u00edtulo es otra medalla para m\u00ed, el esfuerzo fue doble e intenso durante cuatro a\u00f1os de duro estudio, pero lo consegu\u00ed, ahora tendr\u00e9 m\u00e1s conocimientos d cara al nuevo ciclo competitivo, que incluye la participaci\u00f3n en La Copa Mundial de Polonia, este a\u00f1o.<\/p>\n\n\n\n<p>Mientras el rector de la casa de altos estudios, el M\u00e1ster en Ciencias Silvano Merced, durante su intervenci\u00f3n expuso los retos y \u00e9xitos del alumnado en el curso escolar 2021, donde confluyeron la docencia virtual, la lucha contra La Covid-19 y la elevaci\u00f3n constante de la superaci\u00f3n de su claustro profesoral.<\/p>\n\n\n\n<p>Tambi\u00e9n se refiri\u00f3 al quehacer cient\u00edfico y de innovaci\u00f3n que afronta la universidad, la labor de sus tres centros de estudios y la cooperaci\u00f3n internacional, acciones previstas para incrementarse en 2022, donde sobresalen los m\u00e1s de 50 mil egresados extranjeros de todos los continentes, de los 10 mil 20 graduados con que cuenta esta universidad.<\/p>\n\n\n\n<p>Por su parte la estudiante venezolana Aida Alejandra Rodr\u00edguez Navarrete, seleccionada como la alumna extranjera m\u00e1s integral dej\u00f3 reflejado por escrito antes de viajar a su patria todo su amor por Cuba y por el Fajardo.<\/p>\n\n\n\n<p>La m\u00fasica estuvo presente gracias a las excelentes interpretaciones de integrantes de la Academia de canto Mariana de Gorich, dirigida por el maestro Hugo Osle, y varios instrumentistas.<\/p>\n\n\n\n<p>rgh\/rct<\/p>\n","protected":false},"excerpt":{"rendered":"<p>La Habana, 28 ene (Prensa Latina) La Universidad de Ciencias de la Cultura F\u00edsica y Deportes Manuel Fajardo de Cuba gradu\u00f3 hoy a 900 nuevos profesionales en su 44 promoci\u00f3n, hornada que viene a engrosar las filas del movimiento deportivo de la isla. enero 28, 2022 CST17:45 (GMT) -0500 Fotos: Tomada de Cubadebate El agasajo [&hellip;]<\/p>\n","protected":false},"author":28,"featured_media":327123,"comment_status":"closed","ping_status":"","sticky":false,"template":"","format":"standard","meta":{"footnotes":""},"categories":[17],"tags":[],"class_list":["post-327122","post","type-post","status-publish","format-standard","has-post-thumbnail","hentry","category-deportes"],"_links":{"self":[{"href":"https:\/\/diariodominicano.com\/index.php?rest_route=\/wp\/v2\/posts\/327122","targetHints":{"allow":["GET"]}}],"collection":[{"href":"https:\/\/diariodominicano.com\/index.php?rest_route=\/wp\/v2\/posts"}],"about":[{"href":"https:\/\/diariodominicano.com\/index.php?rest_route=\/wp\/v2\/types\/post"}],"author":[{"embeddable":true,"href":"https:\/\/diariodominicano.com\/index.php?rest_route=\/wp\/v2\/users\/28"}],"replies":[{"embeddable":true,"href":"https:\/\/diariodominicano.com\/index.php?rest_route=%2Fwp%2Fv2%2Fcomments&post=327122"}],"version-history":[{"count":1,"href":"https:\/\/diariodominicano.com\/index.php?rest_route=\/wp\/v2\/posts\/327122\/revisions"}],"predecessor-version":[{"id":327124,"href":"https:\/\/diariodominicano.com\/index.php?rest_route=\/wp\/v2\/posts\/327122\/revisions\/327124"}],"wp:featuredmedia":[{"embeddable":true,"href":"https:\/\/diariodominicano.com\/index.php?rest_route=\/wp\/v2\/media\/327123"}],"wp:attachment":[{"href":"https:\/\/diariodominicano.com\/index.php?rest_route=%2Fwp%2Fv2%2Fmedia&parent=327122"}],"wp:term":[{"taxonomy":"category","embeddable":true,"href":"https:\/\/diariodominicano.com\/index.php?rest_route=%2Fwp%2Fv2%2Fcategories&post=327122"},{"taxonomy":"post_tag","embeddable":true,"href":"https:\/\/diariodominicano.com\/index.php?rest_route=%2Fwp%2Fv2%2Ftags&post=327122"}],"curies":[{"name":"wp","href":"https:\/\/api.w.org\/{rel}","templated":true}]}}