{"id":326945,"date":"2022-01-28T09:31:18","date_gmt":"2022-01-28T13:31:18","guid":{"rendered":"http:\/\/diariodominicano.com\/?p=326945"},"modified":"2022-01-29T17:20:04","modified_gmt":"2022-01-29T21:20:04","slug":"a-169-anos-del-nacimiento-de-jose-marti-el-apostol-de-la-independencia","status":"publish","type":"post","link":"https:\/\/diariodominicano.com\/?p=326945","title":{"rendered":"A 169 A\u00f1os del nacimiento de Jos\u00e9 Mart\u00ed\u00a0\u201cEl Ap\u00f3stol de la independencia\u201d"},"content":{"rendered":"\n<p><\/p>\n\n\n\n<p><strong>Por Dr. Am\u00edn Cruz<\/strong><\/p>\n\n\n\n<p><br><strong><em>\u00abLos hombres se dividen en dos bandos: los que aman y fundan, los que odian y deshacen.\u201d&nbsp;<\/em><\/strong><strong><em>Jos\u00e9 Mart\u00edn<\/em><\/strong><\/p>\n\n\n\n<p>Jos\u00e9 Juli\u00e1n Mart\u00ed P\u00e9rez&nbsp;fue un poeta y escritor modernista cubano, que destac\u00f3 tambi\u00e9n como pol\u00edtico y fil\u00f3sofo. Se le considera el pr\u00f3cer por excelencia en Cuba, ya que fue el principal promotor de la Independencia de ese pa\u00eds. Naci\u00f3 el d\u00eda 28 de enero del a\u00f1o 1853, en la ciudad de La Habana, Cuba, hijo de los espa\u00f1oles Mariano Mart\u00ed y Leonor P\u00e9rez.<\/p>\n\n\n\n<figure class=\"wp-block-image size-full\"><img loading=\"lazy\" decoding=\"async\" width=\"210\" height=\"240\" src=\"https:\/\/diariodominicano.com\/wp-content\/uploads\/2022\/01\/0001.jpg\" alt=\"\" class=\"wp-image-326948\"\/><\/figure>\n\n\n\n<p>Mart\u00ed sigui\u00f3 de peque\u00f1o la instrucci\u00f3n elemental t\u00edpica de cualquier ni\u00f1o de la colonia. Tambi\u00e9n estudi\u00f3 dibujo y pintura.&nbsp;Muy joven, a los 16 a\u00f1os, conoci\u00f3 sus primeros problemas pol\u00edticos. Es acusado de traici\u00f3n por mantener correspondencia con un compa\u00f1ero de clases que estaba alistado en el ej\u00e9rcito espa\u00f1ol. Es conducido a prisi\u00f3n y luego deportado a Espa\u00f1a.<\/p>\n\n\n\n<p>Mart\u00ed fue enfermizo desde joven. Padec\u00eda una enfermedad cr\u00f3nica llamada sarcoidosis. Sin embargo, su condici\u00f3n contrastaba fuertemente con su voluntad de trabajo y sus ganas de lograr las cosas, no s\u00f3lo en el terreno literario, sino tambi\u00e9n en el pol\u00edtico.<\/p>\n\n\n\n<p>Con esto comienza su actividad pol\u00edtica. De Espa\u00f1a pasa por varios pa\u00edses hasta llegar a M\u00e9xico. Pasa alg\u00fan tiempo entre este pa\u00eds y Guatemala, donde tiene algunos&nbsp;romances hasta que contrae matrimonio con Carmen Zayas-Baz\u00e1n.<\/p>\n\n\n\n<p>Regres\u00f3 a Cuba en 1878, donde se dedic\u00f3 a actividades conspirativas en pro de la independencia de Cuba. All\u00ed naci\u00f3 Jos\u00e9, su \u00fanico hijo. Es descubierto y deportado de nuevo a Espa\u00f1a. Aunque Mart\u00ed logra que su familia se re\u00fana con \u00e9l en Estados Unidos, su esposa no toler\u00f3 la vida de pobreza que llevaban, ni la ardiente actividad pol\u00edtica que desarrollaba Mart\u00ed, y decide regresar a Cuba. Es doloroso para Mart\u00ed ver su matrimonio desintegrado y verse separado de su hijo, pero al mismo tiempo sent\u00eda que no pod\u00eda sustraerse de la causa independentista, que consideraba una misi\u00f3n y un deber.<\/p>\n\n\n\n<figure class=\"wp-block-image size-full\"><img loading=\"lazy\" decoding=\"async\" width=\"718\" height=\"1024\" src=\"https:\/\/diariodominicano.com\/wp-content\/uploads\/2022\/01\/004-1-1.jpg\" alt=\"\" class=\"wp-image-326949\" srcset=\"https:\/\/diariodominicano.com\/wp-content\/uploads\/2022\/01\/004-1-1.jpg 718w, https:\/\/diariodominicano.com\/wp-content\/uploads\/2022\/01\/004-1-1-210x300.jpg 210w\" sizes=\"auto, (max-width: 718px) 100vw, 718px\" \/><\/figure>\n\n\n\n<p>Mart\u00ed subsiste gracias a escritos que realizaba para diversos medios en Am\u00e9rica. Es en estos d\u00edas que gana gran prestigio en el mundo de las letras. Se radica en Venezuela, pero al poco tiempo es expulsado por el gobierno de Antonio Guzm\u00e1n Blanco.<\/p>\n\n\n\n<p>De regreso a Nueva York, retoma su trabajo editorial, en tanto que tambi\u00e9n se dedica a organizar a los independentistas cubanos. Es un trabajo minucioso que le lleva una d\u00e9cada; durante ese tiempo se forma el Partido Revolucionario Cubano. A continuaci\u00f3n, mantiene reuniones con veteranos cubanos para cristalizar una rebeli\u00f3n llamada Plan Fernandina. Este plan no puede concretarse porque es descubierto antes.<\/p>\n\n\n\n<p>Sin embargo, Mart\u00ed decide continuar con sus planes. Ingresa a Cuba en 1895, donde comienzan los alzamientos en diversas localidades. Mart\u00ed se organiza con varios generales independentistas, y dirige la campa\u00f1a militar. Le es conferido el grado de Mayor General, dado el esfuerzo dedicado a la causa, y el compromiso mostrado con la misma.<\/p>\n\n\n\n<p>Mart\u00ed se encontraba el 19 de mayo de 1895 acampado en Dos R\u00edos, fuera de acci\u00f3n de batalla, cuando decide separarse del grueso del grupo que le acompa\u00f1aba, en contra de las recomendaciones de militares m\u00e1s experimentados. Inadvertidamente se puso a tiro de soldados espa\u00f1oles que se hallaban en las inmediaciones, resultando herido de muerte.<\/p>\n\n\n\n<p>A pesar de que en lo inmediato no se pudo recuperar su cuerpo, eventualmente fue inhumado en la ciudad de Santiago de Cuba.<\/p>\n\n\n\n<figure class=\"wp-block-image size-full\"><img loading=\"lazy\" decoding=\"async\" width=\"873\" height=\"491\" src=\"https:\/\/diariodominicano.com\/wp-content\/uploads\/2022\/01\/003-2.jpg\" alt=\"\" class=\"wp-image-326951\" srcset=\"https:\/\/diariodominicano.com\/wp-content\/uploads\/2022\/01\/003-2.jpg 873w, https:\/\/diariodominicano.com\/wp-content\/uploads\/2022\/01\/003-2-300x169.jpg 300w, https:\/\/diariodominicano.com\/wp-content\/uploads\/2022\/01\/003-2-768x432.jpg 768w, https:\/\/diariodominicano.com\/wp-content\/uploads\/2022\/01\/003-2-816x459.jpg 816w\" sizes=\"auto, (max-width: 873px) 100vw, 873px\" \/><\/figure>\n\n\n\n<p>La presencia de Jos\u00e9 Mart\u00ed ha sido de una influencia capital en la cultura latinoamericana. Principalmente porque sus escritos estaban llenos de un fuerte sentimiento de anhelo por la libertad de su pa\u00eds. Una libertad que no pudo ver cristalizada ni de cerca, ya que su falta de experiencia en batalla provoc\u00f3 su tr\u00e1gica muerte.<\/p>\n\n\n\n<p>Posteriormente, la guerra de Independencia Cubana provocar\u00eda la intervenci\u00f3n de Estados Unidos, cosa que a Mart\u00ed no le habr\u00eda agradado, pero que condujo a la capitulaci\u00f3n de Espa\u00f1a en 1898.<\/p>\n\n\n\n<p>Hoy en d\u00eda, las ideas libertarias de Mart\u00ed son usadas por movimientos pol\u00edticos de diverso tenor, no todos afines al sentimiento original del pr\u00f3cer.<\/p>\n\n\n\n<figure class=\"wp-block-image size-full\"><img loading=\"lazy\" decoding=\"async\" width=\"300\" height=\"360\" src=\"https:\/\/diariodominicano.com\/wp-content\/uploads\/2022\/01\/000-1-1.jpg\" alt=\"\" class=\"wp-image-326952\" srcset=\"https:\/\/diariodominicano.com\/wp-content\/uploads\/2022\/01\/000-1-1.jpg 300w, https:\/\/diariodominicano.com\/wp-content\/uploads\/2022\/01\/000-1-1-250x300.jpg 250w\" sizes=\"auto, (max-width: 300px) 100vw, 300px\" \/><\/figure>\n\n\n\n<p><strong><em>\u00abLos hombres son como los astros, que unos dan luz de s\u00ed y otros brillan con la que reciben.\u00bb Jos\u00e9 Mart\u00edn<\/em><\/strong><\/p>\n\n\n\n<p><strong>Dr. Am\u00edn Cruz, PhD, diplom\u00e1tico, historiador, educador, periodista,&nbsp;escritor, CEO presidente fundador del Congreso Hispanoamericano de Prensa, Padre embajador del Periodismo Latinoamericano, residente en New York.<\/strong><\/p>\n","protected":false},"excerpt":{"rendered":"<p>Por Dr. Am\u00edn Cruz \u00abLos hombres se dividen en dos bandos: los que aman y fundan, los que odian y deshacen.\u201d&nbsp;Jos\u00e9 Mart\u00edn Jos\u00e9 Juli\u00e1n Mart\u00ed P\u00e9rez&nbsp;fue un poeta y escritor modernista cubano, que destac\u00f3 tambi\u00e9n como pol\u00edtico y fil\u00f3sofo. Se le considera el pr\u00f3cer por excelencia en Cuba, ya que fue el principal promotor de [&hellip;]<\/p>\n","protected":false},"author":28,"featured_media":327220,"comment_status":"closed","ping_status":"","sticky":true,"template":"","format":"standard","meta":{"footnotes":""},"categories":[26,27],"tags":[],"class_list":["post-326945","post","type-post","status-publish","format-standard","has-post-thumbnail","hentry","category-efemerides","category-portada"],"_links":{"self":[{"href":"https:\/\/diariodominicano.com\/index.php?rest_route=\/wp\/v2\/posts\/326945","targetHints":{"allow":["GET"]}}],"collection":[{"href":"https:\/\/diariodominicano.com\/index.php?rest_route=\/wp\/v2\/posts"}],"about":[{"href":"https:\/\/diariodominicano.com\/index.php?rest_route=\/wp\/v2\/types\/post"}],"author":[{"embeddable":true,"href":"https:\/\/diariodominicano.com\/index.php?rest_route=\/wp\/v2\/users\/28"}],"replies":[{"embeddable":true,"href":"https:\/\/diariodominicano.com\/index.php?rest_route=%2Fwp%2Fv2%2Fcomments&post=326945"}],"version-history":[{"count":3,"href":"https:\/\/diariodominicano.com\/index.php?rest_route=\/wp\/v2\/posts\/326945\/revisions"}],"predecessor-version":[{"id":327221,"href":"https:\/\/diariodominicano.com\/index.php?rest_route=\/wp\/v2\/posts\/326945\/revisions\/327221"}],"wp:featuredmedia":[{"embeddable":true,"href":"https:\/\/diariodominicano.com\/index.php?rest_route=\/wp\/v2\/media\/327220"}],"wp:attachment":[{"href":"https:\/\/diariodominicano.com\/index.php?rest_route=%2Fwp%2Fv2%2Fmedia&parent=326945"}],"wp:term":[{"taxonomy":"category","embeddable":true,"href":"https:\/\/diariodominicano.com\/index.php?rest_route=%2Fwp%2Fv2%2Fcategories&post=326945"},{"taxonomy":"post_tag","embeddable":true,"href":"https:\/\/diariodominicano.com\/index.php?rest_route=%2Fwp%2Fv2%2Ftags&post=326945"}],"curies":[{"name":"wp","href":"https:\/\/api.w.org\/{rel}","templated":true}]}}