{"id":326903,"date":"2022-01-27T23:30:06","date_gmt":"2022-01-28T03:30:06","guid":{"rendered":"http:\/\/diariodominicano.com\/?p=326903"},"modified":"2022-01-28T07:52:47","modified_gmt":"2022-01-28T11:52:47","slug":"regimen-de-trujillo-intensifica-represion-contra-opositores","status":"publish","type":"post","link":"https:\/\/diariodominicano.com\/?p=326903","title":{"rendered":"R\u00e9gimen de Trujillo intensifica represi\u00f3n contra  opositores"},"content":{"rendered":"\n<p>&nbsp;Por H\u00e9ctor Tineo Nolasco<\/p>\n\n\n\n<p><strong>Diariodominicano.com<\/strong><\/p>\n\n\n\n<p><\/p>\n\n\n\n<p>SANTO DOMINGO, el 28 de enero&nbsp; de 1960, la dictadura del general\u00edsimo Rafael Le\u00f3nidas Trujillo&nbsp; Molina, desat\u00f3 una campa\u00f1a de persecuci\u00f3n contra los desafectos del r\u00e9gimen, especialmente los&nbsp; fundadores del Movimiento Revolucionario 14 de Junio.<\/p>\n\n\n\n<p>&nbsp;&nbsp;&nbsp; La agrupaci\u00f3n era liderada por el doctor Manuel Aurelio Tavarez Justo.&nbsp; El nombre de la nueva organizaci\u00f3n pol\u00edtica creada para combatir el r\u00e9gimen dictatorial tom\u00f3 el nombre del 14 de Junio para honrar a los hombres que vinieron en la expedici\u00f3n de 1959 a combatir a la tiran\u00eda.<\/p>\n\n\n\n<p>&nbsp;&nbsp;&nbsp; Aunque las fuerzas regulares de la dictadura aniquilaron el grupo guerrillero integrado en su mayor\u00eda por dominicanos que se encontraban exiliados en Cuba, los servicios de inteligencia de Trujillo llevaron a cabo arrestos masivos de personas que eran consideradas desafectas al r\u00e9gimen.<\/p>\n\n\n\n<p>Algunos fueron muertos en las c\u00e1rceles por los torturadores del Servicio de Inteligencia Militar (SIM).<\/p>\n\n\n\n<p>&nbsp;&nbsp; El 25 de noviembre de 1960, un comando de criminales al servicio&nbsp; de la dictadura asesinaron a las hermanas Patria, Minera y Mar\u00eda Teresa Mirabal, as\u00ed como al chofer Rufino de la Cruz, lo que motiv\u00f3 una repulsa nacional e internacional.<\/p>\n\n\n\n<p>&nbsp;&nbsp; La campa\u00f1a de represi\u00f3n en lugar de fortalecer a la dictadura la debilit\u00f3. El 30 de mayo de 1961, el dictador Trujillo fue muerto a tiros por un grupo que le tendi\u00f3 una emboscada&nbsp; en la carretera que conduce &nbsp;de Santo Domingo a San Crist\u00f3bal, autopista &nbsp;30 de Mayo.<\/p>\n\n\n\n<p>&nbsp;&nbsp;&nbsp;&nbsp; De los 193 expedicionarios de junio de 1959, es decir, los que llegaron por Constanza,&nbsp; el d\u00eda&nbsp; 14 de junio de 1959 y los que desembarcaron por Maim\u00f3n y Estero Hondo, el 20 de junio de 1959, sobrevivieron los dominicanos Poncio Pou&nbsp; Saleta, Mayovanex Vargas y Francisco Medardo Germ\u00e1n, as\u00ed como los cubanos Delio G\u00f3mez Ochoa y Pablito Mirabal, quienes salieron del pa\u00eds en 1961.<\/p>\n\n\n\n<p>&nbsp;&nbsp;&nbsp;&nbsp;&nbsp;&nbsp; Otro dominicano sobreviviente, fue Gonzalo Almonte Pacheco, pero fue desaparecido al poco tiempo en la ciudad de Santo Domingo, por agentes de la dictadura de Trujillo.<\/p>\n\n\n\n<p>&nbsp;&nbsp; Los dem\u00e1s cayeron en los frentes de batalla y la mayor\u00eda fusilados en la&nbsp; Base A\u00e9rea de San Isidro, por una disposici\u00f3n del jefe del Estado Mayor Conjunto, Rafael Le\u00f3nidas&nbsp; (Ramfis) Trujillo Mart\u00ednez.<\/p>\n\n\n\n<p>&nbsp;&nbsp; Pablito Mirabal, lleg\u00f3 a teniente&nbsp; del Ej\u00e9rcito Cubano y muri\u00f3 al ser alcanzado por una descarga el\u00e9ctrica en el a\u00f1o 1969, &nbsp;y Delio G\u00f3mez Ochoa, vive en Santo Domingo Este.<\/p>\n\n\n\n<p>&nbsp;&nbsp; En 1997, el Gobierno del Presidente Leonel Fern\u00e1ndez le concedi\u00f3 la ciudadan\u00eda privilegiada por su&nbsp; contribuci\u00f3n a la lucha antitrujillista en favor de las libertades del pueblo dominicano.<\/p>\n\n\n\n<p>&nbsp;&nbsp; La gesta de junio de 1959, constituy\u00f3 para los dominicanos un despertar. Una derrota militar se\u00f1alar\u00eda la v\u00eda para la lucha que no se detendr\u00eda hasta terminar con la dictadura de Trujillo.<\/p>\n\n\n\n<p>&nbsp;&nbsp;&nbsp; Entre los primeros objetivos de los expedicionarios figuran: Derrocar por todos los medios a su alcance el r\u00e9gimen de opresi\u00f3n y sangre establecido en la Rep\u00fablica Dominicana por Rafael Le\u00f3nidas Trujillo desde 1930.<\/p>\n","protected":false},"excerpt":{"rendered":"<p>&nbsp;Por H\u00e9ctor Tineo Nolasco Diariodominicano.com SANTO DOMINGO, el 28 de enero&nbsp; de 1960, la dictadura del general\u00edsimo Rafael Le\u00f3nidas Trujillo&nbsp; Molina, desat\u00f3 una campa\u00f1a de persecuci\u00f3n contra los desafectos del r\u00e9gimen, especialmente los&nbsp; fundadores del Movimiento Revolucionario 14 de Junio. &nbsp;&nbsp;&nbsp; La agrupaci\u00f3n era liderada por el doctor Manuel Aurelio Tavarez Justo.&nbsp; El nombre de [&hellip;]<\/p>\n","protected":false},"author":28,"featured_media":271906,"comment_status":"closed","ping_status":"","sticky":true,"template":"","format":"standard","meta":{"footnotes":""},"categories":[26,27],"tags":[],"class_list":["post-326903","post","type-post","status-publish","format-standard","has-post-thumbnail","hentry","category-efemerides","category-portada"],"_links":{"self":[{"href":"https:\/\/diariodominicano.com\/index.php?rest_route=\/wp\/v2\/posts\/326903","targetHints":{"allow":["GET"]}}],"collection":[{"href":"https:\/\/diariodominicano.com\/index.php?rest_route=\/wp\/v2\/posts"}],"about":[{"href":"https:\/\/diariodominicano.com\/index.php?rest_route=\/wp\/v2\/types\/post"}],"author":[{"embeddable":true,"href":"https:\/\/diariodominicano.com\/index.php?rest_route=\/wp\/v2\/users\/28"}],"replies":[{"embeddable":true,"href":"https:\/\/diariodominicano.com\/index.php?rest_route=%2Fwp%2Fv2%2Fcomments&post=326903"}],"version-history":[{"count":3,"href":"https:\/\/diariodominicano.com\/index.php?rest_route=\/wp\/v2\/posts\/326903\/revisions"}],"predecessor-version":[{"id":326936,"href":"https:\/\/diariodominicano.com\/index.php?rest_route=\/wp\/v2\/posts\/326903\/revisions\/326936"}],"wp:featuredmedia":[{"embeddable":true,"href":"https:\/\/diariodominicano.com\/index.php?rest_route=\/wp\/v2\/media\/271906"}],"wp:attachment":[{"href":"https:\/\/diariodominicano.com\/index.php?rest_route=%2Fwp%2Fv2%2Fmedia&parent=326903"}],"wp:term":[{"taxonomy":"category","embeddable":true,"href":"https:\/\/diariodominicano.com\/index.php?rest_route=%2Fwp%2Fv2%2Fcategories&post=326903"},{"taxonomy":"post_tag","embeddable":true,"href":"https:\/\/diariodominicano.com\/index.php?rest_route=%2Fwp%2Fv2%2Ftags&post=326903"}],"curies":[{"name":"wp","href":"https:\/\/api.w.org\/{rel}","templated":true}]}}