{"id":32688,"date":"2019-02-11T12:35:27","date_gmt":"2019-02-11T12:35:27","guid":{"rendered":"http:\/\/diariodominicano.ddns.net\/?p=32688"},"modified":"2019-02-11T12:35:27","modified_gmt":"2019-02-11T12:35:27","slug":"sistema-unico-de-salud-garantizado-afirma-ministra-boliviana","status":"publish","type":"post","link":"https:\/\/diariodominicano.com\/?p=32688","title":{"rendered":"Sistema \u00danico de Salud garantizado, afirma ministra boliviana"},"content":{"rendered":"<p><body><\/p>\n<p><img decoding=\"async\" src=\"img3\/sistem1.jpg\" \/>  <\/p>\n<p>La paz, 11 feb (PL) Los recursos financieros y econ\u00f3micos necesarios para la sostenibilidad del Sistema \u00danico de Salud (SUS) que beneficiar\u00e1 gratuitamente a la poblaci\u00f3n en Bolivia, est\u00e1n garantizados hoy, asegur\u00f3 la ministra de ese sector, Gabriela Monta\u00f1o.<\/p>\n<\/p>\n<p>&#8216;Hay plata garantizada para el SUS y tambi\u00e9n para su sostenibilidad en el tiempo con recursos provenientes de fuentes que no exist\u00edan a\u00f1os anteriores que generar\u00e1n ingresos permanentes&#8217;, asegur\u00f3 la titular este domingo en el programa televisivo El Pueblo es Noticia.<\/p>\n<\/p>\n<p>Record\u00f3 Monta\u00f1o que el gobierno del presidente Evo Morales en 13 a\u00f1os de gesti\u00f3n cre\u00f3 18 mil 550 items de salud, y a ellos se sumar\u00e1n los ocho mil previstos para los pr\u00f3ximos 12 meses.<\/p>\n<\/p>\n<p>Esa cifra es muy superior a los 17 mil 175 creados en 180 a\u00f1os de vida republicana, explic\u00f3 la titular durante su intervenci\u00f3n en el canal nacional Bolivia TV.<\/p>\n<\/p>\n<p>Al referirse a la infraestructura, aclar\u00f3 que en el mismo lapso republicano fueron construidos dos mil 870 establecimientos sanitarios de todos los niveles de atenci\u00f3n.<\/p>\n<\/p>\n<p>En contraste, durante el proceso de cambios que lidera Morales desde 2006 fueron edificados y entraron en funcionamiento mil 61, a los cuales se sumar\u00e1n las 49 instalaciones asistenciales contempladas en el Plan Hospitales para Bolivia, que estar\u00e1n distribuidos en forma equitativa en todo el territorio nacional.<\/p>\n<\/p>\n<p>Describi\u00f3 la ministra que las instituciones de salud de primer nivel de atenci\u00f3n (aqu\u00ed se puede resolver el 80 por ciento de las enfermedades que tiene la poblaci\u00f3n) ser\u00e1n reforzadas &#8216;con una inversi\u00f3n de m\u00e1s de dos mil millones de d\u00f3lares&#8217;, cifra nunca antes destinada a este sector.<\/p>\n<\/p>\n<p>Respecto a los 200 millones de la moneda estadounidense destinados al SUS por el Gobierno en su primera etapa, Monta\u00f1o precis\u00f3 que en 2019 se asignar\u00e1n 79 para los productos de salud que integran el conjunto de prestaciones requeridas para atender una enfermedad.<\/p>\n<\/p>\n<p>A\u00f1adi\u00f3 que 110 millones ser\u00e1n para recursos humanos, 30 para el mejoramiento de la infraestructura de los centros asistenciales ya existentes y 24 para fortalecer el equipamiento.<\/p>\n<\/p>\n<p>Sobre los niveles de competencia, afirm\u00f3 que el primero y segundo nivel son responsabilidad de los gobiernos municipales, que destinar\u00e1n el 15,5 por ciento de su coparticipaci\u00f3n tributaria.<\/p>\n<\/p>\n<p>Asegur\u00f3 la funcionaria gubernamental que el SUS dar\u00e1 cobertura para los productos de tercer y cuarto nivel con lo que liberar\u00e1 para pagar estos servicios.<\/p>\n<\/p>\n<p>O sea, recalc\u00f3, el Estado Central tendr\u00e1 a su cargo el tercer y cuarto nivel en t\u00e9rminos de productos, adem\u00e1s de la construcci\u00f3n de los hospitales desde el segundo hasta el cuarto nivel.<\/p>\n<\/p>\n<p>Indic\u00f3 Monta\u00f1o que las gobernaciones seguir\u00e1n cubriendo los servicios b\u00e1sicos, as\u00ed como el mantenimiento de sus establecimientos de salubridad.<\/p>\n<\/p>\n<p>De Acuerdo con la titular, el SUS arrancar\u00e1 en marzo, y ser\u00e1 &#8216;una oportunidad inmensa&#8217; para mejorar la atenci\u00f3n de la poblaci\u00f3n boliviana, por lo cual expres\u00f3 confianza en el compromiso de los m\u00e9dicos de no generar mecanismos de boicot y contribuir a salvar vidas con esa pol\u00edtica.<\/p>\n<\/p>\n<p>tgj\/jpm<\/p>\n<h6> 2019-02-11 12:35:27 <\/h6>\n<p><!--\n<link rel=\"stylesheet\" href=\"css\/bootstrap.min.css\">\n\n\n<ul class=\"pagination\">\n\t    \n\t\n\n<li >\n\t<a href='?page_no=1541'>Previous<\/a>\n\t<\/li>\n\n\n       \n    \n\n<li><a href='?page_no=1'>1<\/a><\/li>\n\n\n\n<li><a href='?page_no=2'>2<\/a><\/li>\n\n\n\n<li><a>...<\/a><\/li>\n\n\n\n<li><a href='?page_no=1540'>1540<\/a><\/li>\n\n\n\n<li><a href='?page_no=1541'>1541<\/a><\/li>\n\n\n\n<li class='active'><a>1542<\/a><\/li>\n\n\n\n<li><a href='?page_no=1543'>1543<\/a><\/li>\n\n\n\n<li><a href='?page_no=1544'>1544<\/a><\/li>\n\n\n\n<li><a>...<\/a><\/li>\n\n\n\n<li><a href='?page_no=1549'>1549<\/a><\/li>\n\n\n\n<li><a href='?page_no=1550'>1550<\/a><\/li>\n\n    \n\t\n\n<li >\n\t<a href='?page_no=1543'>Next<\/a>\n\t<\/li>\n\n\n    \n\n<li><a href='?page_no=1550'>Last &rsaquo;&rsaquo;<\/a><\/li>\n\n<\/ul>\n\n\n--><br \/>\n<\/body><\/p>\n","protected":false},"excerpt":{"rendered":"<p>La paz, 11 feb (PL) Los recursos financieros y econ\u00f3micos necesarios para la sostenibilidad del Sistema \u00danico de Salud (SUS) que beneficiar\u00e1 gratuitamente a la poblaci\u00f3n en Bolivia, est\u00e1n garantizados hoy, asegur\u00f3 la ministra de ese sector, Gabriela Monta\u00f1o. &#8216;Hay plata garantizada para el SUS y tambi\u00e9n para su sostenibilidad en el tiempo con recursos [&hellip;]<\/p>\n","protected":false},"author":3,"featured_media":0,"comment_status":"open","ping_status":"open","sticky":false,"template":"","format":"standard","meta":{"footnotes":""},"categories":[19],"tags":[],"class_list":["post-32688","post","type-post","status-publish","format-standard","hentry","category-mi-voz"],"_links":{"self":[{"href":"https:\/\/diariodominicano.com\/index.php?rest_route=\/wp\/v2\/posts\/32688","targetHints":{"allow":["GET"]}}],"collection":[{"href":"https:\/\/diariodominicano.com\/index.php?rest_route=\/wp\/v2\/posts"}],"about":[{"href":"https:\/\/diariodominicano.com\/index.php?rest_route=\/wp\/v2\/types\/post"}],"author":[{"embeddable":true,"href":"https:\/\/diariodominicano.com\/index.php?rest_route=\/wp\/v2\/users\/3"}],"replies":[{"embeddable":true,"href":"https:\/\/diariodominicano.com\/index.php?rest_route=%2Fwp%2Fv2%2Fcomments&post=32688"}],"version-history":[{"count":0,"href":"https:\/\/diariodominicano.com\/index.php?rest_route=\/wp\/v2\/posts\/32688\/revisions"}],"wp:attachment":[{"href":"https:\/\/diariodominicano.com\/index.php?rest_route=%2Fwp%2Fv2%2Fmedia&parent=32688"}],"wp:term":[{"taxonomy":"category","embeddable":true,"href":"https:\/\/diariodominicano.com\/index.php?rest_route=%2Fwp%2Fv2%2Fcategories&post=32688"},{"taxonomy":"post_tag","embeddable":true,"href":"https:\/\/diariodominicano.com\/index.php?rest_route=%2Fwp%2Fv2%2Ftags&post=32688"}],"curies":[{"name":"wp","href":"https:\/\/api.w.org\/{rel}","templated":true}]}}