{"id":32687,"date":"2019-02-11T12:39:19","date_gmt":"2019-02-11T12:39:19","guid":{"rendered":"http:\/\/diariodominicano.ddns.net\/?p=32687"},"modified":"2019-02-11T12:39:19","modified_gmt":"2019-02-11T12:39:19","slug":"aumentan-las-denuncias-de-abuso-sexual-contra-oscar-arias","status":"publish","type":"post","link":"https:\/\/diariodominicano.com\/?p=32687","title":{"rendered":"Aumentan las denuncias de abuso sexual contra \u00d3scar Arias"},"content":{"rendered":"<p><body><\/p>\n<p><img decoding=\"async\" src=\"img3\/denunc1.jpg\" \/>  <\/p>\n<p>San Jos\u00e9, 11 feb (PL) Suman hoy ocho las mujeres que aseguran haber sido v\u00edctimas de abuso sexual por parte del dos veces expresidente de Costa Rica (1986-1990 y 2006-2010) y Premio Nobel de la Paz 1987, \u00d3scar Arias.<\/p>\n<\/p>\n<p>Cual serie de moda y con entrega por cap\u00edtulo cada vez m\u00e1s tenebroso, la historia de las agresiones sexuales del exmandatario parece no tener final.<\/p>\n<\/p>\n<p>La m\u00e1s reciente de las acusaciones proviene de la polit\u00f3loga argentina, con nacionalidades suiza y estadounidense, Carina Black y publicada este domingo en el diario The New York Times.<\/p>\n<\/p>\n<p>Black, quien trabaja en la Universidad de Nevada, en Reno, Estados Unidos, cuenta que en 1998 le correspondi\u00f3 atender a Arias durante una visita como expositor al centro de altos estudios, ocasi\u00f3n en que el expresidente intent\u00f3 toquetearla y besarla.<\/p>\n<\/p>\n<p>Narra la polit\u00f3loga que cuando se dirig\u00edan a una de las actividades subieron a un ascensor, y dentro del mismo, Arias la empuj\u00f3 contra la pared, puso sus manos sobre sus pechos y trat\u00f3 de besarla, pero -apunta- ella lo empuj\u00f3 y le dio una bofetada.<\/p>\n<\/p>\n<p>Como no result\u00f3 herida, Black afirma que decidi\u00f3 no informar sobre el incidente.<\/p>\n<\/p>\n<p>La pel\u00edcula comenz\u00f3 el martes pasado, cuando el Semanario Universidad divulg\u00f3 una entrevista con la activista Alexandra Arce von Herold, en la que ella indica que un d\u00eda antes present\u00f3 una denuncia penal contra el exmandatario por violaci\u00f3n sexual, en suceso ocurrido el 1 de diciembre de 2014, en la casa de Arias.<\/p>\n<\/p>\n<p>De acuerdo con Arce, fue hasta la vivienda del expresidente para discutir con \u00e9l temas de desarme nuclear y al concluir le dio la espalda para recoger sus pertenencias y marcharse, momento en que Arias la tom\u00f3 por detr\u00e1s, le agarr\u00f3 sus senos y le introdujo varios dedos en su vagina. La mujer tuvo temor de denunciar, dado el poder que ostentaba el exmandatario.<\/p>\n<\/p>\n<p>En menos de 48 horas, otras cinco mujeres revelaron presuntos ataques sexuales sufridos por parte de Arias, desde que era candidato a la presidencia de Costa Rica en los comicios de 1986 hasta este \u00faltimo de la exmiss Costa Rica 1994, Jazm\u00edn Morales, que seg\u00fan escrito presentado ante la Fiscal\u00eda refiere que los hechos ocurrieron el Jueves Santo de 2015.<\/p>\n<\/p>\n<p>Extractos de la denuncia, publicados en la p\u00e1gina de Facebook Escri-Viendo, dedicada a noticias de la far\u00e1ndula y el espect\u00e1culo ticos, Morales que no conoc\u00eda a Arias, indic\u00f3 que el Premio Nobel de la Paz 1987 le mand\u00f3 una solicitud en esa misma red social y ella lo acept\u00f3. Posteriormente le agradeci\u00f3 por los constantes like de Arias a sus publicaciones.<\/p>\n<\/p>\n<p>Morales cont\u00f3 que es amante de la filolog\u00eda espa\u00f1ola y Arias, al percatarse de eso, le habr\u00eda dicho que le diera su n\u00famero de tel\u00e9fono para regalarle uno de sus libros. Por eso, le pidi\u00f3 el contacto -seg\u00fan la v\u00edctima- para ponerse de acuerdo y entregarle el regalo en la casa de Arias, ubicada en el capitalino barrio de Rohrmoser.<\/p>\n<\/p>\n<p>La exreina de belleza sostiene que &#8216;cuando yo me iba acercando a la puerta \u00e9l se puso frente a m\u00ed, se atraves\u00f3 en la puerta que se encontraba cerrada&#8217;.<\/p>\n<\/p>\n<p>&#8216;Yo soy m\u00e1s alta que \u00e9l, sin embargo, \u00e9l me agarr\u00f3 de la cabeza, yo andaba el pelo suelto, me agarr\u00f3, me acerc\u00f3 a la fuerza al cuerpo de \u00e9l, o sea quedando cuerpo con cuerpo (&#8230;) Luego, con una de sus manos me toc\u00f3 mis senos por encima de la ropa y luego me dio un beso en la boca en contra de mi voluntad. Yo me quit\u00e9, me qued\u00e9 congelada, no sab\u00eda que decirle&#8217;, cont\u00f3.<\/p>\n<\/p>\n<p>La Fiscal\u00eda uni\u00f3 en un solo expediente las dos denuncias que, junto a los otros testimonios, obligaron al exmandatario a solicitar su salida temporal del Partido Liberaci\u00f3n Nacional, hecho anunciado por la secretar\u00eda general de esa agrupaci\u00f3n pol\u00edtica.<\/p>\n<\/p>\n<p>Pero no todo queda ah\u00ed, pues la Federaci\u00f3n de Estudiantes de la Universidad de Costa Rica le solicit\u00f3 al Consejo Universitario retirarle el Doctorado Honoris Causa, distinci\u00f3n entregada a personalidades cuyos trabajos o estudios de car\u00e1cter cultural hayan alcanzado una notable significaci\u00f3n e importancia internacional.<\/p>\n<\/p>\n<p>Solo resta recordar que el expresidente est\u00e1 pendiente del fallo de una jueza para saber si enfrenta o no un juicio por dos supuestos delitos de prevaricato en el caso Crucitas, una concesi\u00f3n minera a una empresa canadiense declarada de conveniencia nacional, violando disposiciones que proh\u00edben la explotaci\u00f3n minera a cielo abierto en Costa Rica.<\/p>\n<\/p>\n<p>tgj\/ale<\/p>\n<h6> 2019-02-11 12:39:19 <\/h6>\n<p><!--\n<link rel=\"stylesheet\" href=\"css\/bootstrap.min.css\">\n\n\n<ul class=\"pagination\">\n\t    \n\t\n\n<li >\n\t<a href='?page_no=1540'>Previous<\/a>\n\t<\/li>\n\n\n       \n    \n\n<li><a href='?page_no=1'>1<\/a><\/li>\n\n\n\n<li><a href='?page_no=2'>2<\/a><\/li>\n\n\n\n<li><a>...<\/a><\/li>\n\n\n\n<li><a href='?page_no=1539'>1539<\/a><\/li>\n\n\n\n<li><a href='?page_no=1540'>1540<\/a><\/li>\n\n\n\n<li class='active'><a>1541<\/a><\/li>\n\n\n\n<li><a href='?page_no=1542'>1542<\/a><\/li>\n\n\n\n<li><a href='?page_no=1543'>1543<\/a><\/li>\n\n\n\n<li><a>...<\/a><\/li>\n\n\n\n<li><a href='?page_no=1549'>1549<\/a><\/li>\n\n\n\n<li><a href='?page_no=1550'>1550<\/a><\/li>\n\n    \n\t\n\n<li >\n\t<a href='?page_no=1542'>Next<\/a>\n\t<\/li>\n\n\n    \n\n<li><a href='?page_no=1550'>Last &rsaquo;&rsaquo;<\/a><\/li>\n\n<\/ul>\n\n\n--><br \/>\n<\/body><\/p>\n","protected":false},"excerpt":{"rendered":"<p>San Jos\u00e9, 11 feb (PL) Suman hoy ocho las mujeres que aseguran haber sido v\u00edctimas de abuso sexual por parte del dos veces expresidente de Costa Rica (1986-1990 y 2006-2010) y Premio Nobel de la Paz 1987, \u00d3scar Arias. Cual serie de moda y con entrega por cap\u00edtulo cada vez m\u00e1s tenebroso, la historia de [&hellip;]<\/p>\n","protected":false},"author":3,"featured_media":0,"comment_status":"open","ping_status":"open","sticky":false,"template":"","format":"standard","meta":{"footnotes":""},"categories":[19],"tags":[],"class_list":["post-32687","post","type-post","status-publish","format-standard","hentry","category-mi-voz"],"_links":{"self":[{"href":"https:\/\/diariodominicano.com\/index.php?rest_route=\/wp\/v2\/posts\/32687","targetHints":{"allow":["GET"]}}],"collection":[{"href":"https:\/\/diariodominicano.com\/index.php?rest_route=\/wp\/v2\/posts"}],"about":[{"href":"https:\/\/diariodominicano.com\/index.php?rest_route=\/wp\/v2\/types\/post"}],"author":[{"embeddable":true,"href":"https:\/\/diariodominicano.com\/index.php?rest_route=\/wp\/v2\/users\/3"}],"replies":[{"embeddable":true,"href":"https:\/\/diariodominicano.com\/index.php?rest_route=%2Fwp%2Fv2%2Fcomments&post=32687"}],"version-history":[{"count":0,"href":"https:\/\/diariodominicano.com\/index.php?rest_route=\/wp\/v2\/posts\/32687\/revisions"}],"wp:attachment":[{"href":"https:\/\/diariodominicano.com\/index.php?rest_route=%2Fwp%2Fv2%2Fmedia&parent=32687"}],"wp:term":[{"taxonomy":"category","embeddable":true,"href":"https:\/\/diariodominicano.com\/index.php?rest_route=%2Fwp%2Fv2%2Fcategories&post=32687"},{"taxonomy":"post_tag","embeddable":true,"href":"https:\/\/diariodominicano.com\/index.php?rest_route=%2Fwp%2Fv2%2Ftags&post=32687"}],"curies":[{"name":"wp","href":"https:\/\/api.w.org\/{rel}","templated":true}]}}