{"id":326834,"date":"2022-01-27T20:39:56","date_gmt":"2022-01-28T00:39:56","guid":{"rendered":"http:\/\/diariodominicano.com\/?p=326834"},"modified":"2022-01-27T20:39:56","modified_gmt":"2022-01-28T00:39:56","slug":"la-libertad-de-prensa-es-la-democracia","status":"publish","type":"post","link":"https:\/\/diariodominicano.com\/?p=326834","title":{"rendered":"La libertad de prensa\u00a0es la democracia"},"content":{"rendered":"\n<p><\/p>\n\n\n\n<p><strong>Por Dr. Am\u00edn Cruz<\/strong><\/p>\n\n\n\n<figure class=\"wp-block-image size-full\"><img loading=\"lazy\" decoding=\"async\" width=\"700\" height=\"394\" src=\"https:\/\/diariodominicano.com\/wp-content\/uploads\/2022\/01\/10-6.jpg\" alt=\"\" class=\"wp-image-326836\" srcset=\"https:\/\/diariodominicano.com\/wp-content\/uploads\/2022\/01\/10-6.jpg 700w, https:\/\/diariodominicano.com\/wp-content\/uploads\/2022\/01\/10-6-300x169.jpg 300w\" sizes=\"auto, (max-width: 700px) 100vw, 700px\" \/><\/figure>\n\n\n\n<p><strong><em>\u201cSin prensa cr\u00edtica no hay&nbsp;democracia, y cuando esta est\u00e1 en riesgo, el&nbsp;periodismo&nbsp;se convierte muchas veces en la \u00faltima l\u00ednea de defensa, m\u00e1s, sin embargo, de unos a\u00f1os a la fecha, los medios en algunos pa\u00edses latinoamericanos viven un ambiente de acoso, e intimidaci\u00f3n, impulsado desde el mismo Ejecutivo y con el apoyo de otros poderes.\u201d<\/em><\/strong><\/p>\n\n\n\n<p>La industria period\u00edstica se ha visto obligada a reinventarse y reconvertirse&nbsp;para poder sobrevivir a las crisis financieras, la digitalizaci\u00f3n, la gratuidad y un mercado mucho m\u00e1s competitivo en el que las grandes cabeceras ya no ostentan el oligopolio de la informaci\u00f3n.<\/p>\n\n\n\n<p>El Congreso Hispanoamericano de Prensa, junto a otros gremios, asociaciones, sindicatos, federaciones y confederaciones busca la unidad para trabajar en un plan piloto \u00abAgenda 2025-30\u00bb, la&nbsp;perspectiva sobre el panorama de la democracia en Am\u00e9rica Latina y el papel que juega el periodismo actualmente.<\/p>\n\n\n\n<p>La situaci\u00f3n ha venido a preocupar debido a que los Gobiernos democr\u00e1ticamente electos (derecha e izquierda) han venido a atentar contra las instituciones en los pa\u00edses donde hay democracias h\u00edbridas, donde presidentes autoritarios est\u00e1n metiendo mano al sistema judicial, al sistema legislativo, tanto en pa\u00edses de derecha como en pa\u00edses de izquierda; est\u00e1 pasando en toda&nbsp;Am\u00e9rica Latina, aunque en uno menor escala con tambores de amenazas y otros con muertes,&nbsp;agresiones,&nbsp;amenazas y censuras.<\/p>\n\n\n\n<figure class=\"wp-block-image size-full\"><img loading=\"lazy\" decoding=\"async\" width=\"770\" height=\"430\" src=\"https:\/\/diariodominicano.com\/wp-content\/uploads\/2022\/01\/11-5.jpg\" alt=\"\" class=\"wp-image-326837\" srcset=\"https:\/\/diariodominicano.com\/wp-content\/uploads\/2022\/01\/11-5.jpg 770w, https:\/\/diariodominicano.com\/wp-content\/uploads\/2022\/01\/11-5-300x168.jpg 300w, https:\/\/diariodominicano.com\/wp-content\/uploads\/2022\/01\/11-5-768x429.jpg 768w\" sizes=\"auto, (max-width: 770px) 100vw, 770px\" \/><\/figure>\n\n\n\n<p>La situaci\u00f3n econ\u00f3mica en el mundo es dif\u00edcil principalmente para la clase media y pobres, (los due\u00f1os de medios, luego de la crisis de la pandemia y el avance de la tecnolog\u00eda est\u00e1n casi en su totalidad ligado al gobierno, militares y\/o a los poderes del estado, la prensa est\u00e1 comprada al servicio de los gobiernos o de los empresarios, quienes los controlan y le bajan l\u00edneas,<\/p>\n\n\n\n<p>Hay que decir que tambi\u00e9n existe una prensa vanguardista y progresista de periodistas, locutores, acad\u00e9micos, escritores y profesionales serios y&nbsp;\u00e9ticos, que ha y est\u00e1n resistiendo las vicisitudes en los medios de comunicaci\u00f3n locales, las redes sociales y las plataformas los han convertido en imprescindibles gracias a los nuevos tiempos de la tecnolog\u00eda, desde el punto de vista de la poblaci\u00f3n les ha facilitado una v\u00eda de comunicaci\u00f3n que favorece el proceso democr\u00e1tico<\/p>\n\n\n\n<p>Los sindicatos, colegios, federaciones, asociaciones de periodistas, locutores y dem\u00e1s comunicadores sociales andan sobreviviendo en su gran mayor\u00eda al servicio de estos poderes buscando como engancharse en el tren administrativo a trav\u00e9s de un empleo o de una publicidad, otros son v\u00edctimas de representaci\u00f3n y temen decir la verdad o denunciar las arbitrariedades que cometen mientras que otros a\u00fan profesionales o emp\u00edrico violando los conceptos \u00e9ticos se convierten en bocina uno financiado y otros en busca de acercarse del poder o al financiamientos.<\/p>\n\n\n\n<p>Colegas periodistas nuestra misi\u00f3n con la comunidad se basa en ejes de la verdad, fidelidad y&nbsp;\u00e9tica, muy distintos a los de los grandes grupos medi\u00e1ticos y que lejos ya de todo aquello, el apoyo mutuo enti\u00e9ndase aquello de que vivimos en \u00adrelaciones de interdependencia general.&nbsp;Este tipo de periodismo amarillo, sensacionalista, medi\u00e1tico&nbsp;se aleja de los periodistas del periodismo serio y comprometido con el pueblo, ya lo dijo el padre de la&nbsp;\u00e9tica&nbsp;de&nbsp;Am\u00e9rica Latina, Dr. Javier Dar\u00edo Restrepo.<\/p>\n\n\n\n<p>Est\u00e1 falla que afronta la labor informativa como una metodolog\u00eda descentralizada y a la vez propositiva entre unos y otros donde esas plusval\u00edas en t\u00e9rminos de movimiento pueden nacer desde cualquier lugar, est\u00e1 llevando al abismo a los periodistas serios,&nbsp;\u00e9ticos,&nbsp;honestos y responsables en&nbsp;Am\u00e9rica Latina y el mundo.<\/p>\n\n\n\n<figure class=\"wp-block-image size-full\"><img loading=\"lazy\" decoding=\"async\" width=\"400\" height=\"300\" src=\"https:\/\/diariodominicano.com\/wp-content\/uploads\/2022\/01\/prensa.jpg\" alt=\"\" class=\"wp-image-326838\" srcset=\"https:\/\/diariodominicano.com\/wp-content\/uploads\/2022\/01\/prensa.jpg 400w, https:\/\/diariodominicano.com\/wp-content\/uploads\/2022\/01\/prensa-300x225.jpg 300w\" sizes=\"auto, (max-width: 400px) 100vw, 400px\" \/><\/figure>\n\n\n\n<p>Si los&nbsp;sindicatos, colegios, federaciones, asociaciones de periodistas, locutores y dem\u00e1s comunicadores sociales no reflexionan y se ponen a la vanguardia de ejercer en esencia la causa misma de su naturaleza de ser mismo que deben convertirse en clubes o partido bisagra,&nbsp;entendiendo bien el papel del papel desde el reposo, la profundizaci\u00f3n o la perspectiva, desde donde algunos diagonal&nbsp;o&nbsp;la di\u00adrecta&nbsp;le est\u00e1n ganando el pulso a \u00adestos grandes grupos medi\u00e1ticos.&nbsp;<\/p>\n\n\n\n<p>Haciendo que el periodismo sea algo que atraviesa a la vida y no al rev\u00e9s; desde el reporterismo local y lo cotidiano, desde ah\u00ed es donde, al final, se puede generar hegemon\u00eda y subjetividades que, a su vez generan y est\u00e1n en constante movimiento, porque ese periodismo el que se hace desde la incertidumbre y el precipicio es el que afronta el mantener la cosa viva.<\/p>\n\n\n\n<p>El Congreso Hispanoamericano de Prensa, junto al CDP, CNPE, CNC, APB, CMP entre otros durante 24 a\u00f1os contin\u00fao con la presencia de m\u00e1s de cien mil participantes y la orientaci\u00f3n de los m\u00e1s grandes educadores y formadores del periodismo como los Doctores Ignacio Ramonet, Javier Dar\u00edo Restrepo entre otros, el periodismo tiene su propia herramienta y as\u00ed se establece con un orden pluralista de decir la verdad y solamente la verdad, Juan 14:6; Cristo fue el mejor periodista o comunicador social y se distingui\u00f3 por predicar la verdad, nos ense\u00f1\u00f3 con su ejemplo que el periodismo es un sacerdocio que por encima de todo debemos los periodistas cumplir con nuestro deber o renunciar a la profesi\u00f3n.<\/p>\n\n\n\n<p>Por qu\u00e9 el derecho de enterarse y opinar sobre este grave problema que inhibe el ejercicio del derecho a la informaci\u00f3n y a la comunicaci\u00f3n, una garant\u00eda esencial de la democracia.&nbsp;La lucha por la libertad de expresi\u00f3n, el derecho a la informaci\u00f3n y la seguridad de los informadores debe ser acompa\u00f1ada por una sociedad consciente que valore la importancia del periodismo hoy.<\/p>\n\n\n\n<p>El derecho a la informaci\u00f3n es el derecho que tienen las personas para conocer detalles sobre las actividades del gobierno y de lo que pasa en la vida p\u00fablica. Es un derecho vinculado con la libertad de expresi\u00f3n, que es la libertad de cada persona de expresar opiniones e ideas, de conocer las opiniones e ideas de los otros y de investigar y de obtener informaci\u00f3n.<\/p>\n\n\n\n<figure class=\"wp-block-image size-full\"><img loading=\"lazy\" decoding=\"async\" width=\"450\" height=\"300\" src=\"https:\/\/diariodominicano.com\/wp-content\/uploads\/2022\/01\/12-3.jpg\" alt=\"\" class=\"wp-image-326839\" srcset=\"https:\/\/diariodominicano.com\/wp-content\/uploads\/2022\/01\/12-3.jpg 450w, https:\/\/diariodominicano.com\/wp-content\/uploads\/2022\/01\/12-3-300x200.jpg 300w\" sizes=\"auto, (max-width: 450px) 100vw, 450px\" \/><\/figure>\n\n\n\n<p>Los especialistas en estos temas explican que el derecho a la informaci\u00f3n y la libertad de expresi\u00f3n son derechos \u201caut\u00f3nomos\u201d, que cada uno tiene caracter\u00edsticas individuales, pero uno y otro son inseparables. Para ejercer el derecho a la informaci\u00f3n es indispensable que exista la libertad de expresi\u00f3n.<\/p>\n\n\n\n<p>El periodismo es una profesi\u00f3n que se realiza con libertad s\u00f3lo si est\u00e1n garantizados el derecho a la informaci\u00f3n y la libertad de expresi\u00f3n. Entre los instrumentos para ejercer el periodismo se encuentra el \u201cderecho al secreto profesional\u201d, protegido por la libertad de expresi\u00f3n. En ingl\u00e9s este secreto se conoce como el \u201cprivilegio del reportero\u201d, como derivaci\u00f3n del privilegio de ciertas profesiones para proteger la privacidad de las comunicaciones en el ejercicio profesional (professional privilege).<\/p>\n\n\n\n<p>El secreto profesional es el derecho del periodista de mantener privado lo que se ha conversado con las fuentes y la informaci\u00f3n que se ha recibido de ellas, es un elemento de confianza sobre una base \u00e9tica y de responsabilidad, es tambi\u00e9n una medida de seguridad del propio periodista, con sus fuentes y con los receptores de sus informaciones period\u00edsticas.<\/p>\n\n\n\n<p>Sin secreto profesional, los periodistas no podr\u00edan ofrecer a sus fuentes la garant\u00eda de conversar con libertad y los periodistas estar\u00edan siempre expuestos para ser citados por una autoridad para revelar la manera en que consiguieron ciertas informaciones, el secreto profesional como \u201cel derecho inalienable\u201d de los periodistas de mantener el secreto de la identidad de las fuentes que hayan facilitado informaci\u00f3n, con independencia de que \u00e9sta se haya o no publicado\u201d.<\/p>\n\n\n\n<figure class=\"wp-block-image size-full\"><img loading=\"lazy\" decoding=\"async\" width=\"300\" height=\"168\" src=\"https:\/\/diariodominicano.com\/wp-content\/uploads\/2022\/01\/006.jpg\" alt=\"\" class=\"wp-image-326840\"\/><\/figure>\n\n\n\n<p>En el sistema interamericano de derechos humanos, se considera que la confidencialidad de las fuentes&nbsp;asegura el derecho a la informaci\u00f3n&nbsp;y constituye un elemento esencial en el desarrollo de la labor period\u00edstica y en el rol conferido al periodismo por la sociedad de informar sobre asuntos de inter\u00e9s p\u00fablico, la confidencialidad de la fuente est\u00e1 protegida por la libertad de expresi\u00f3n.&nbsp;<\/p>\n\n\n\n<p>De igual manera la ONU en su declaraci\u00f3n universal sobre libertad de prensa y derechos humanos tambi\u00e9n establecen que los periodistas deben ejercer un periodismo libre sin ataduras sin persecuci\u00f3n, sin amenazas y ser agredido o v\u00edctima y que los gobiernos e instituciones gubernamentales deben protegerlo porque es un mandato constitucional y universal aprobado por todos los gobiernos en un tratado en la ONU.<\/p>\n\n\n\n<p>Tensi\u00f3n entre los gobiernos y el periodismo sobre qu\u00e9 temas constituyen la agenda de debate p\u00fablico diario; lo que no es normal es que desde algunos gobiernos de Am\u00e9rica Latina quieran imponer sus temas y hayan lanzado medidas para criminalizar el ejercicio del periodismo como una forma de silenciar las voces disidentes en una democracia.<\/p>\n\n\n\n<figure class=\"wp-block-image size-full\"><img loading=\"lazy\" decoding=\"async\" width=\"750\" height=\"470\" src=\"https:\/\/diariodominicano.com\/wp-content\/uploads\/2022\/01\/0004.jpg\" alt=\"\" class=\"wp-image-326841\" srcset=\"https:\/\/diariodominicano.com\/wp-content\/uploads\/2022\/01\/0004.jpg 750w, https:\/\/diariodominicano.com\/wp-content\/uploads\/2022\/01\/0004-300x188.jpg 300w\" sizes=\"auto, (max-width: 750px) 100vw, 750px\" \/><\/figure>\n\n\n\n<p>Todo en el marco de la p\u00e9rdida de la tolerancia, el pluralismo y el respeto por el otro.&nbsp;En Am\u00e9rica el periodismo vive un momento dif\u00edcil por los gobiernos que no aceptan su rol en la democracia, lo demonizan y lo consideran un enemigo.&nbsp;Sin embargo, los periodistas serios siguen firme, sin claudicar ni bajar los brazos, libretas y plumas en alto y tratamos de investigar, descubrir los hechos que el poder oculta, decir la verdad al pueblo, porque somos la voz de quienes no tienen voz.,trabajamos para la sociedad que necesita informaci\u00f3n para tomar decisiones.<\/p>\n\n\n\n<p>El Congreso Hispanoamericano de Prensa y el Congreso Mundial de Prensa, anhela y lucha en esta nueva etapa tecnol\u00f3gica para que la sociedad, a trav\u00e9s de las redes sociales, ahora pueden revivir una informaci\u00f3n m\u00e1s directamente, sin demora, pero \u00e9tica y veraz, as\u00ed nos da una visi\u00f3n instant\u00e1nea de lo que lee y lo que piensa al respecto,&nbsp;las redes sociales nos permiten llegar a una audiencia m\u00e1s amplia donde el joven est\u00e1 realizando un papel importante&#8230; Luchamos por que se preparen en el orden period\u00edstico.<\/p>\n\n\n\n<p><strong><em>\u00abLa&nbsp;libertad de prensa&nbsp;no solo es importante para la democracia, es la democracia\u00bb.&nbsp;Walkter Cronkite<\/em><\/strong><\/p>\n\n\n\n<p><strong>Dr. Am\u00edn Cruz, PhD, diplom\u00e1tico, historiador, educador, periodista,&nbsp;escritor, CEO presidente fundador del Congreso Hispanoamericano de Prensa, Padre embajador del Periodismo Latinoamericano, residente en New York.<\/strong><\/p>\n","protected":false},"excerpt":{"rendered":"<p>Por Dr. Am\u00edn Cruz \u201cSin prensa cr\u00edtica no hay&nbsp;democracia, y cuando esta est\u00e1 en riesgo, el&nbsp;periodismo&nbsp;se convierte muchas veces en la \u00faltima l\u00ednea de defensa, m\u00e1s, sin embargo, de unos a\u00f1os a la fecha, los medios en algunos pa\u00edses latinoamericanos viven un ambiente de acoso, e intimidaci\u00f3n, impulsado desde el mismo Ejecutivo y con el [&hellip;]<\/p>\n","protected":false},"author":28,"featured_media":326835,"comment_status":"closed","ping_status":"","sticky":true,"template":"","format":"standard","meta":{"footnotes":""},"categories":[19,16,27],"tags":[],"class_list":["post-326834","post","type-post","status-publish","format-standard","has-post-thumbnail","hentry","category-mi-voz","category-opiniones","category-portada"],"_links":{"self":[{"href":"https:\/\/diariodominicano.com\/index.php?rest_route=\/wp\/v2\/posts\/326834","targetHints":{"allow":["GET"]}}],"collection":[{"href":"https:\/\/diariodominicano.com\/index.php?rest_route=\/wp\/v2\/posts"}],"about":[{"href":"https:\/\/diariodominicano.com\/index.php?rest_route=\/wp\/v2\/types\/post"}],"author":[{"embeddable":true,"href":"https:\/\/diariodominicano.com\/index.php?rest_route=\/wp\/v2\/users\/28"}],"replies":[{"embeddable":true,"href":"https:\/\/diariodominicano.com\/index.php?rest_route=%2Fwp%2Fv2%2Fcomments&post=326834"}],"version-history":[{"count":1,"href":"https:\/\/diariodominicano.com\/index.php?rest_route=\/wp\/v2\/posts\/326834\/revisions"}],"predecessor-version":[{"id":326842,"href":"https:\/\/diariodominicano.com\/index.php?rest_route=\/wp\/v2\/posts\/326834\/revisions\/326842"}],"wp:featuredmedia":[{"embeddable":true,"href":"https:\/\/diariodominicano.com\/index.php?rest_route=\/wp\/v2\/media\/326835"}],"wp:attachment":[{"href":"https:\/\/diariodominicano.com\/index.php?rest_route=%2Fwp%2Fv2%2Fmedia&parent=326834"}],"wp:term":[{"taxonomy":"category","embeddable":true,"href":"https:\/\/diariodominicano.com\/index.php?rest_route=%2Fwp%2Fv2%2Fcategories&post=326834"},{"taxonomy":"post_tag","embeddable":true,"href":"https:\/\/diariodominicano.com\/index.php?rest_route=%2Fwp%2Fv2%2Ftags&post=326834"}],"curies":[{"name":"wp","href":"https:\/\/api.w.org\/{rel}","templated":true}]}}