{"id":32683,"date":"2019-02-11T12:55:35","date_gmt":"2019-02-11T12:55:35","guid":{"rendered":"http:\/\/diariodominicano.ddns.net\/?p=32683"},"modified":"2019-02-11T12:55:35","modified_gmt":"2019-02-11T12:55:35","slug":"vicepresidenta-venezolana-pide-a-guaido-que-reflexione-y-detenga-la-locura","status":"publish","type":"post","link":"https:\/\/diariodominicano.com\/?p=32683","title":{"rendered":"Vicepresidenta venezolana pide a Guaid\u00f3 que reflexione y detenga \u00abla locura\u00bb"},"content":{"rendered":"<p><body><\/p>\n<p>Spanish.xinhuanet.com   2019-02-10 05:12:38\t<\/p>\n<\/p>\n<p>CARACAS, 9 feb (Xinhua) &#8212; La vicepresidenta de Venezuela, Delcy Rodr\u00edguez, exhort\u00f3 hoy al diputado opositor Juan Guaid\u00f3 a que reflexione y deje \u00abla locura de estar llamando a una invasi\u00f3n\u00bb.<\/p>\n<\/p>\n<p>\u00abVen a la reflexi\u00f3n y ub\u00edcate del lado correcto de la historia, como lo ha dicho el presidente Nicol\u00e1s Maduro\u00bb, dijo Rodr\u00edguez en referencia a Guaid\u00f3, quien se autoproclam\u00f3 como \u00abpresidente interino\u00bb el pasado 23 de enero.<\/p>\n<\/p>\n<p>Las declaraciones de Rodr\u00edguez se produjeron en las jornadas de recolecci\u00f3n de firmas que desarrolla el gobierno venezolano para avalar la \u00abCarta Abierta al Pueblo de Estados Unidos\u00bb.<\/p>\n<\/p>\n<p>La vicepresidenta acudi\u00f3 a la plaza Bol\u00edvar de Caracas a acompa\u00f1ar con su r\u00fabrica el documento que exige a la administraci\u00f3n del presidente Donald Trump respeto a la soberan\u00eda y cese de la pol\u00edtica de sanciones unilaterales contra Venezuela.<\/p>\n<\/p>\n<p>La vicepresidenta cuestion\u00f3 tambi\u00e9n a la Asamblea Nacional, de mayor\u00eda opositora, por debatir la aprobaci\u00f3n de instrumentos legales para \u00abautorizar\u00bb la intervenci\u00f3n extranjera en Venezuela.<\/p>\n<\/p>\n<p>\u00abNo existe pa\u00eds en el mundo donde un supuesto parlamento se aboque a aprobar la intervenci\u00f3n militar extranjera de su pa\u00eds, es una barbaridad\u00bb, precis\u00f3 Rodr\u00edguez.<\/p>\n<\/p>\n<p>Advirti\u00f3 que \u00abel pueblo de Venezuela ha dado se\u00f1ales muy claras de lo que quiere, el quiere paz, quiere tranquilidad, seguir gobernando con la Revoluci\u00f3n Bolivariana\u00bb.<\/p>\n<\/p>\n<p>Rodr\u00edguez reiter\u00f3 lo expresado por otros funcionarios del gobierno venezolano acerca de la ayuda humanitaria promovida desde Washington, la cual calific\u00f3 como \u00abun pretexto para invadir a Venezuela\u00bb.<\/p>\n<h6> 2019-02-11 12:55:35 <\/h6>\n<p><!--\n<link rel=\"stylesheet\" href=\"css\/bootstrap.min.css\">\n\n\n<ul class=\"pagination\">\n\t    \n\t\n\n<li >\n\t<a href='?page_no=1537'>Previous<\/a>\n\t<\/li>\n\n\n       \n    \n\n<li><a href='?page_no=1'>1<\/a><\/li>\n\n\n\n<li><a href='?page_no=2'>2<\/a><\/li>\n\n\n\n<li><a>...<\/a><\/li>\n\n\n\n<li><a href='?page_no=1536'>1536<\/a><\/li>\n\n\n\n<li><a href='?page_no=1537'>1537<\/a><\/li>\n\n\n\n<li class='active'><a>1538<\/a><\/li>\n\n\n\n<li><a href='?page_no=1539'>1539<\/a><\/li>\n\n\n\n<li><a href='?page_no=1540'>1540<\/a><\/li>\n\n\n\n<li><a>...<\/a><\/li>\n\n\n\n<li><a href='?page_no=1549'>1549<\/a><\/li>\n\n\n\n<li><a href='?page_no=1550'>1550<\/a><\/li>\n\n    \n\t\n\n<li >\n\t<a href='?page_no=1539'>Next<\/a>\n\t<\/li>\n\n\n    \n\n<li><a href='?page_no=1550'>Last &rsaquo;&rsaquo;<\/a><\/li>\n\n<\/ul>\n\n\n--><br \/>\n<\/body><\/p>\n","protected":false},"excerpt":{"rendered":"<p>Spanish.xinhuanet.com 2019-02-10 05:12:38 CARACAS, 9 feb (Xinhua) &#8212; La vicepresidenta de Venezuela, Delcy Rodr\u00edguez, exhort\u00f3 hoy al diputado opositor Juan Guaid\u00f3 a que reflexione y deje \u00abla locura de estar llamando a una invasi\u00f3n\u00bb. \u00abVen a la reflexi\u00f3n y ub\u00edcate del lado correcto de la historia, como lo ha dicho el presidente Nicol\u00e1s Maduro\u00bb, dijo [&hellip;]<\/p>\n","protected":false},"author":3,"featured_media":0,"comment_status":"open","ping_status":"open","sticky":false,"template":"","format":"standard","meta":{"footnotes":""},"categories":[19],"tags":[],"class_list":["post-32683","post","type-post","status-publish","format-standard","hentry","category-mi-voz"],"_links":{"self":[{"href":"https:\/\/diariodominicano.com\/index.php?rest_route=\/wp\/v2\/posts\/32683","targetHints":{"allow":["GET"]}}],"collection":[{"href":"https:\/\/diariodominicano.com\/index.php?rest_route=\/wp\/v2\/posts"}],"about":[{"href":"https:\/\/diariodominicano.com\/index.php?rest_route=\/wp\/v2\/types\/post"}],"author":[{"embeddable":true,"href":"https:\/\/diariodominicano.com\/index.php?rest_route=\/wp\/v2\/users\/3"}],"replies":[{"embeddable":true,"href":"https:\/\/diariodominicano.com\/index.php?rest_route=%2Fwp%2Fv2%2Fcomments&post=32683"}],"version-history":[{"count":0,"href":"https:\/\/diariodominicano.com\/index.php?rest_route=\/wp\/v2\/posts\/32683\/revisions"}],"wp:attachment":[{"href":"https:\/\/diariodominicano.com\/index.php?rest_route=%2Fwp%2Fv2%2Fmedia&parent=32683"}],"wp:term":[{"taxonomy":"category","embeddable":true,"href":"https:\/\/diariodominicano.com\/index.php?rest_route=%2Fwp%2Fv2%2Fcategories&post=32683"},{"taxonomy":"post_tag","embeddable":true,"href":"https:\/\/diariodominicano.com\/index.php?rest_route=%2Fwp%2Fv2%2Ftags&post=32683"}],"curies":[{"name":"wp","href":"https:\/\/api.w.org\/{rel}","templated":true}]}}