{"id":326809,"date":"2022-01-27T20:08:07","date_gmt":"2022-01-28T00:08:07","guid":{"rendered":"http:\/\/diariodominicano.com\/?p=326809"},"modified":"2022-01-27T20:10:17","modified_gmt":"2022-01-28T00:10:17","slug":"gym-la-maquina-con-atractiva-wellness-maireny-sanchez-busca-oro-en-copa-independencia-de-fdff-del-27-de-febrero","status":"publish","type":"post","link":"https:\/\/diariodominicano.com\/?p=326809","title":{"rendered":"Gym La M\u00e1quina con atractiva Wellness, Maireny S\u00e1nchez, busca oro en copa Independencia de FDFF del 27 de febrero"},"content":{"rendered":"\n<p> <strong>Maireny S\u00e1nchez<\/strong> <\/p>\n\n\n\n<p><strong>ESPERANZA, Valverde, RD, 27 de enero de 2022.-<\/strong>\u00a0Gym La M\u00e1quina, de Esperanza, muestra la diferencia, no se esconde y comienza a mostrar sus atletas con miras al pr\u00f3ximo evento del campeonato nacional de la Federaci\u00f3n Dominicana de Fisiculturismo y Fitness (FDFF) y presenta a una de sus candidatas para la XXVIII Copa Independencia de ese deporte el 27 de febrero.<\/p>\n\n\n\n<figure class=\"wp-block-image size-large\"><img loading=\"lazy\" decoding=\"async\" width=\"527\" height=\"1024\" src=\"https:\/\/diariodominicano.com\/wp-content\/uploads\/2022\/01\/0155af98-33e2-4700-817c-6015d95399b4-527x1024.jpeg\" alt=\"\" class=\"wp-image-326815\" srcset=\"https:\/\/diariodominicano.com\/wp-content\/uploads\/2022\/01\/0155af98-33e2-4700-817c-6015d95399b4-527x1024.jpeg 527w, https:\/\/diariodominicano.com\/wp-content\/uploads\/2022\/01\/0155af98-33e2-4700-817c-6015d95399b4-154x300.jpeg 154w, https:\/\/diariodominicano.com\/wp-content\/uploads\/2022\/01\/0155af98-33e2-4700-817c-6015d95399b4.jpeg 571w\" sizes=\"auto, (max-width: 527px) 100vw, 527px\" \/><\/figure>\n\n\n\n<p><br><strong>L<\/strong>a Bandera del Gym La M\u00e1quina, junto a otras atletas, la portar\u00e1, Mainery S\u00e1nchez, de la categor\u00eda wellness, de quien se considera, no puede fallar, la escultural jovencita se prepara seriamente para buscar el oro y tratar de pasar al absoluto final.<\/p>\n\n\n\n<figure class=\"wp-block-image size-full\"><img loading=\"lazy\" decoding=\"async\" width=\"585\" height=\"898\" src=\"https:\/\/diariodominicano.com\/wp-content\/uploads\/2022\/01\/ea3b459e-9d0b-4475-a758-a47925976775.jpeg\" alt=\"\" class=\"wp-image-326814\" srcset=\"https:\/\/diariodominicano.com\/wp-content\/uploads\/2022\/01\/ea3b459e-9d0b-4475-a758-a47925976775.jpeg 585w, https:\/\/diariodominicano.com\/wp-content\/uploads\/2022\/01\/ea3b459e-9d0b-4475-a758-a47925976775-195x300.jpeg 195w\" sizes=\"auto, (max-width: 585px) 100vw, 585px\" \/><\/figure>\n\n\n\n<p><br><strong>S<\/strong>us seguidores en las redes le muestran total apoyo y se ha ganado el favor de cada uno de ellos, mientras tanto, junto a ella, Gym La M\u00e1quina prepara un gran equipo para ir en busca del triunfo del evento que ser\u00e1 celebrado el 27 de febrero.<\/p>\n\n\n\n<p>Gym La M\u00e1quina en el campeonato nacional de fisiculturismo y fitness representa a la comunidad de Esperanza, Valverde, donde tiene sus puertas abiertas para el bienestar de todos.<\/p>\n\n\n\n<figure class=\"wp-block-image size-large\"><img loading=\"lazy\" decoding=\"async\" width=\"896\" height=\"1024\" src=\"https:\/\/diariodominicano.com\/wp-content\/uploads\/2022\/01\/3d598752-5dd9-4ada-91e5-c8c31882dc19-896x1024.jpg\" alt=\"\" class=\"wp-image-326812\" srcset=\"https:\/\/diariodominicano.com\/wp-content\/uploads\/2022\/01\/3d598752-5dd9-4ada-91e5-c8c31882dc19-896x1024.jpg 896w, https:\/\/diariodominicano.com\/wp-content\/uploads\/2022\/01\/3d598752-5dd9-4ada-91e5-c8c31882dc19-263x300.jpg 263w, https:\/\/diariodominicano.com\/wp-content\/uploads\/2022\/01\/3d598752-5dd9-4ada-91e5-c8c31882dc19-768x878.jpg 768w, https:\/\/diariodominicano.com\/wp-content\/uploads\/2022\/01\/3d598752-5dd9-4ada-91e5-c8c31882dc19-816x933.jpg 816w, https:\/\/diariodominicano.com\/wp-content\/uploads\/2022\/01\/3d598752-5dd9-4ada-91e5-c8c31882dc19.jpg 1176w\" sizes=\"auto, (max-width: 896px) 100vw, 896px\" \/><\/figure>\n\n\n\n<p>Oscar Polanco<a target=\"_blank\" href=\"mailto:oscarpolanco.santiagord@gmail.com\" rel=\"noreferrer noopener\">oscarpolanco.santiagord@gmail.co<\/a><\/p>\n","protected":false},"excerpt":{"rendered":"<p>Maireny S\u00e1nchez ESPERANZA, Valverde, RD, 27 de enero de 2022.-\u00a0Gym La M\u00e1quina, de Esperanza, muestra la diferencia, no se esconde y comienza a mostrar sus atletas con miras al pr\u00f3ximo evento del campeonato nacional de la Federaci\u00f3n Dominicana de Fisiculturismo y Fitness (FDFF) y presenta a una de sus candidatas para la XXVIII Copa Independencia [&hellip;]<\/p>\n","protected":false},"author":28,"featured_media":326810,"comment_status":"closed","ping_status":"","sticky":true,"template":"","format":"standard","meta":{"footnotes":""},"categories":[17,27],"tags":[],"class_list":["post-326809","post","type-post","status-publish","format-standard","has-post-thumbnail","hentry","category-deportes","category-portada"],"_links":{"self":[{"href":"https:\/\/diariodominicano.com\/index.php?rest_route=\/wp\/v2\/posts\/326809","targetHints":{"allow":["GET"]}}],"collection":[{"href":"https:\/\/diariodominicano.com\/index.php?rest_route=\/wp\/v2\/posts"}],"about":[{"href":"https:\/\/diariodominicano.com\/index.php?rest_route=\/wp\/v2\/types\/post"}],"author":[{"embeddable":true,"href":"https:\/\/diariodominicano.com\/index.php?rest_route=\/wp\/v2\/users\/28"}],"replies":[{"embeddable":true,"href":"https:\/\/diariodominicano.com\/index.php?rest_route=%2Fwp%2Fv2%2Fcomments&post=326809"}],"version-history":[{"count":3,"href":"https:\/\/diariodominicano.com\/index.php?rest_route=\/wp\/v2\/posts\/326809\/revisions"}],"predecessor-version":[{"id":326816,"href":"https:\/\/diariodominicano.com\/index.php?rest_route=\/wp\/v2\/posts\/326809\/revisions\/326816"}],"wp:featuredmedia":[{"embeddable":true,"href":"https:\/\/diariodominicano.com\/index.php?rest_route=\/wp\/v2\/media\/326810"}],"wp:attachment":[{"href":"https:\/\/diariodominicano.com\/index.php?rest_route=%2Fwp%2Fv2%2Fmedia&parent=326809"}],"wp:term":[{"taxonomy":"category","embeddable":true,"href":"https:\/\/diariodominicano.com\/index.php?rest_route=%2Fwp%2Fv2%2Fcategories&post=326809"},{"taxonomy":"post_tag","embeddable":true,"href":"https:\/\/diariodominicano.com\/index.php?rest_route=%2Fwp%2Fv2%2Ftags&post=326809"}],"curies":[{"name":"wp","href":"https:\/\/api.w.org\/{rel}","templated":true}]}}