{"id":32673,"date":"2019-02-16T10:41:29","date_gmt":"2019-02-16T10:41:29","guid":{"rendered":"http:\/\/diariodominicano.ddns.net\/?p=32673"},"modified":"2019-02-16T10:41:29","modified_gmt":"2019-02-16T10:41:29","slug":"separado-del-clero-arzobispo-emerito-estadounidense-por-abusos","status":"publish","type":"post","link":"https:\/\/diariodominicano.com\/?p=32673","title":{"rendered":"Separado del clero arzobispo em\u00e9rito estadounidense por abusos"},"content":{"rendered":"<p><body><\/p>\n<p><img decoding=\"async\" src=\"img3\/clero1.jpg\" \/>  <\/p>\n<p>Ciudad del Vaticano, 16 feb (PL) El arzobispo em\u00e9rito de Washington D.C., Theodore McCarrick, fue separado de las filas del clero por los abusos sexuales y de poder cometidos durante el ejercicio de sus funciones sacerdotales, inform\u00f3 hoy aqu\u00ed la Santa Sede.<\/p>\n<\/p>\n<p>Un comunicado de la Congregaci\u00f3n para la Doctrina de la Fe se\u00f1ala que la decisi\u00f3n fue adoptada hace dos d\u00edas, tras concluir el proceso de apelaci\u00f3n del fallo emitido el 11 de enero \u00faltimo, mediante el cual McCarrick fue declarado culpable y condenado a la exclusi\u00f3n del estado clerical.<\/p>\n<\/p>\n<p>La nota subraya que, en correspondencia con lo establecido por la ley, el papa Francisco reconoci\u00f3 la naturaleza definitiva e inapelable de la sentencia contra el excl\u00e9rigo, quien ante la gravedad de las acusaciones, present\u00f3 en julio \u00faltimo su renuncia al colegio cardenalicio.<\/p>\n<\/p>\n<p>Al aceptar entonces la dimisi\u00f3n, el sumo pont\u00edfice le prohibi\u00f3 el ejercicio de cualquier ministerio p\u00fablico y le orden\u00f3 permanecer en una casa que se le indicar\u00eda &#8216;para una vida de oraci\u00f3n y penitencia, hasta que las acusaciones que se le hacen sean aclaradas por el proceso regular can\u00f3nico&#8217;.<\/p>\n<\/p>\n<p>McCarrick, de 88 a\u00f1os de edad, fue una de las figuras m\u00e1s prominentes del clero estadounidense. Designado obispo auxiliar de Nueva York en 1977 y creado cardenal por el papa Juan Pablo II en 2001, estuvo al frente de la arquidi\u00f3cesis de Washington D.C. hasta su retiro por l\u00edmite de edad en mayo de 2006.<\/p>\n<\/p>\n<p>tgj\/fgg<\/p>\n<h6> 2019-02-16 10:41:29 <\/h6>\n<p><!--\n<link rel=\"stylesheet\" href=\"css\/bootstrap.min.css\">\n\n\n<ul class=\"pagination\">\n\t    \n\t\n\n<li >\n\t<a href='?page_no=1528'>Previous<\/a>\n\t<\/li>\n\n\n       \n    \n\n<li><a href='?page_no=1'>1<\/a><\/li>\n\n\n\n<li><a href='?page_no=2'>2<\/a><\/li>\n\n\n\n<li><a>...<\/a><\/li>\n\n\n\n<li><a href='?page_no=1527'>1527<\/a><\/li>\n\n\n\n<li><a href='?page_no=1528'>1528<\/a><\/li>\n\n\n\n<li class='active'><a>1529<\/a><\/li>\n\n\n\n<li><a href='?page_no=1530'>1530<\/a><\/li>\n\n\n\n<li><a href='?page_no=1531'>1531<\/a><\/li>\n\n\n\n<li><a>...<\/a><\/li>\n\n\n\n<li><a href='?page_no=1549'>1549<\/a><\/li>\n\n\n\n<li><a href='?page_no=1550'>1550<\/a><\/li>\n\n    \n\t\n\n<li >\n\t<a href='?page_no=1530'>Next<\/a>\n\t<\/li>\n\n\n    \n\n<li><a href='?page_no=1550'>Last &rsaquo;&rsaquo;<\/a><\/li>\n\n<\/ul>\n\n\n--><br \/>\n<\/body><\/p>\n","protected":false},"excerpt":{"rendered":"<p>Ciudad del Vaticano, 16 feb (PL) El arzobispo em\u00e9rito de Washington D.C., Theodore McCarrick, fue separado de las filas del clero por los abusos sexuales y de poder cometidos durante el ejercicio de sus funciones sacerdotales, inform\u00f3 hoy aqu\u00ed la Santa Sede. Un comunicado de la Congregaci\u00f3n para la Doctrina de la Fe se\u00f1ala que [&hellip;]<\/p>\n","protected":false},"author":3,"featured_media":0,"comment_status":"open","ping_status":"open","sticky":false,"template":"","format":"standard","meta":{"footnotes":""},"categories":[19],"tags":[],"class_list":["post-32673","post","type-post","status-publish","format-standard","hentry","category-mi-voz"],"_links":{"self":[{"href":"https:\/\/diariodominicano.com\/index.php?rest_route=\/wp\/v2\/posts\/32673","targetHints":{"allow":["GET"]}}],"collection":[{"href":"https:\/\/diariodominicano.com\/index.php?rest_route=\/wp\/v2\/posts"}],"about":[{"href":"https:\/\/diariodominicano.com\/index.php?rest_route=\/wp\/v2\/types\/post"}],"author":[{"embeddable":true,"href":"https:\/\/diariodominicano.com\/index.php?rest_route=\/wp\/v2\/users\/3"}],"replies":[{"embeddable":true,"href":"https:\/\/diariodominicano.com\/index.php?rest_route=%2Fwp%2Fv2%2Fcomments&post=32673"}],"version-history":[{"count":0,"href":"https:\/\/diariodominicano.com\/index.php?rest_route=\/wp\/v2\/posts\/32673\/revisions"}],"wp:attachment":[{"href":"https:\/\/diariodominicano.com\/index.php?rest_route=%2Fwp%2Fv2%2Fmedia&parent=32673"}],"wp:term":[{"taxonomy":"category","embeddable":true,"href":"https:\/\/diariodominicano.com\/index.php?rest_route=%2Fwp%2Fv2%2Fcategories&post=32673"},{"taxonomy":"post_tag","embeddable":true,"href":"https:\/\/diariodominicano.com\/index.php?rest_route=%2Fwp%2Fv2%2Ftags&post=32673"}],"curies":[{"name":"wp","href":"https:\/\/api.w.org\/{rel}","templated":true}]}}