{"id":32672,"date":"2019-02-16T10:46:10","date_gmt":"2019-02-16T10:46:10","guid":{"rendered":"http:\/\/diariodominicano.ddns.net\/?p=32672"},"modified":"2019-02-16T10:46:10","modified_gmt":"2019-02-16T10:46:10","slug":"reafirma-fiscal-uruguayo-excavaciones-en-busca-de-desaparecidos","status":"publish","type":"post","link":"https:\/\/diariodominicano.com\/?p=32672","title":{"rendered":"Reafirma fiscal uruguayo excavaciones en busca de desaparecidos"},"content":{"rendered":"<p><body><\/p>\n<p><img decoding=\"async\" src=\"img3\/urug11.jpg\" \/>  <\/p>\n<p>Montevideo, 16 feb (PL) El fiscal uruguayo especializado en Delitos de Lesa Humanidad, Ricardo Perciballe, reafirm\u00f3 hoy para el mes pr\u00f3ximo las excavaciones en una antigua instalaci\u00f3n militar donde se sospecha enterraron detenidos desaparecidos.<\/p>\n<\/p>\n<p>La esclarecedora tarea, programada inicialmente para una fecha de febrero en el Batall\u00f3n de Infanter\u00eda de Paracaidista n\u00famero 14, en Toledo, departamento de Canelones, se llevar\u00e1 a cabo el 20 de marzo venidero.<\/p>\n<\/p>\n<p>El Comando General del Ej\u00e9rcito solicit\u00f3 la postergaci\u00f3n del trabajo a cargo de la antrop\u00f3loga Alicia Luisardo, debido a la realizaci\u00f3n de una serie de actividades dentro de la unidad ya programadas.<\/p>\n<\/p>\n<p>Perciballe remarc\u00f3 que la nueva fecha de comenzar excavaciones es &#8216;indeclinable&#8217;, ya que el a\u00f1o pasado, mediante el uso de un georradar y de drones, el Equipo Argentino de Antropolog\u00eda Forense (EAAF) relev\u00f3 el predio de la unidad y comprob\u00f3 anomal\u00edas que plasm\u00f3 en un informe de 29 p\u00e1ginas.<\/p>\n<\/p>\n<p>Los t\u00e9cnicos determinaron varias zonas de inter\u00e9s prospectivo en habitaciones de una barraca que es utilizada como alojamiento para el personal y en la enfermer\u00eda de la unidad, as\u00ed como en zonas circundantes a ambas edificaciones, construidas en la \u00e9poca de la dictadura.<\/p>\n<\/p>\n<p>Responsables de la Secretar\u00eda de Derechos Humanos del Pasado Reciente y del Grupo de Trabajo por Verdad y Justicia, brindaron detalles del informe, producido a partir de una denuncia presentada en marzo de 2018 por el periodista Marcelo Falca, patrocinado por el abogado \u00c3&#8217;scar L\u00f3pez Goldaracena.<\/p>\n<\/p>\n<p>Este \u00faltimo solicit\u00f3 el apoyo de los arque\u00f3logos Jos\u00e9 L\u00f3pez Mazz y Octavio Nadal, que pertenecieron al equipo t\u00e9cnico contratado por el Poder Ejecutivo para la b\u00fasqueda de los restos de detenidos desaparecidos.<\/p>\n<\/p>\n<p>Ambos expertos cotejaron fotos a\u00e9reas y confirmaron que la enfermer\u00eda no exist\u00eda en 1981 y a partir de un pedido de acceso a la informaci\u00f3n por Ley 18.381)se obtuvo informaci\u00f3n oficial del Comando del Ej\u00e9rcito sobre la construcci\u00f3n de esa instalaci\u00f3n sanitaria 1983.<\/p>\n<\/p>\n<p>En octubre de 2011 fueron hallados en el Batall\u00f3n 14 los restos del maestro y periodista Julio Castro, secuestrado en agosto de 1977, y en 2012 aparecieron en contornos pr\u00f3ximos los restos de Ricardo Blanco Valiente, detenido el 15 de enero de 1978 y continuaba desaparecido.<\/p>\n<\/p>\n<p>tgj\/hr<\/p>\n<h6> 2019-02-16 10:46:10 <\/h6>\n<p><!--\n<link rel=\"stylesheet\" href=\"css\/bootstrap.min.css\">\n\n\n<ul class=\"pagination\">\n\t    \n\t\n\n<li >\n\t<a href='?page_no=1527'>Previous<\/a>\n\t<\/li>\n\n\n       \n    \n\n<li><a href='?page_no=1'>1<\/a><\/li>\n\n\n\n<li><a href='?page_no=2'>2<\/a><\/li>\n\n\n\n<li><a>...<\/a><\/li>\n\n\n\n<li><a href='?page_no=1526'>1526<\/a><\/li>\n\n\n\n<li><a href='?page_no=1527'>1527<\/a><\/li>\n\n\n\n<li class='active'><a>1528<\/a><\/li>\n\n\n\n<li><a href='?page_no=1529'>1529<\/a><\/li>\n\n\n\n<li><a href='?page_no=1530'>1530<\/a><\/li>\n\n\n\n<li><a>...<\/a><\/li>\n\n\n\n<li><a href='?page_no=1549'>1549<\/a><\/li>\n\n\n\n<li><a href='?page_no=1550'>1550<\/a><\/li>\n\n    \n\t\n\n<li >\n\t<a href='?page_no=1529'>Next<\/a>\n\t<\/li>\n\n\n    \n\n<li><a href='?page_no=1550'>Last &rsaquo;&rsaquo;<\/a><\/li>\n\n<\/ul>\n\n\n--><br \/>\n<\/body><\/p>\n","protected":false},"excerpt":{"rendered":"<p>Montevideo, 16 feb (PL) El fiscal uruguayo especializado en Delitos de Lesa Humanidad, Ricardo Perciballe, reafirm\u00f3 hoy para el mes pr\u00f3ximo las excavaciones en una antigua instalaci\u00f3n militar donde se sospecha enterraron detenidos desaparecidos. La esclarecedora tarea, programada inicialmente para una fecha de febrero en el Batall\u00f3n de Infanter\u00eda de Paracaidista n\u00famero 14, en Toledo, [&hellip;]<\/p>\n","protected":false},"author":3,"featured_media":0,"comment_status":"open","ping_status":"open","sticky":false,"template":"","format":"standard","meta":{"footnotes":""},"categories":[19],"tags":[],"class_list":["post-32672","post","type-post","status-publish","format-standard","hentry","category-mi-voz"],"_links":{"self":[{"href":"https:\/\/diariodominicano.com\/index.php?rest_route=\/wp\/v2\/posts\/32672","targetHints":{"allow":["GET"]}}],"collection":[{"href":"https:\/\/diariodominicano.com\/index.php?rest_route=\/wp\/v2\/posts"}],"about":[{"href":"https:\/\/diariodominicano.com\/index.php?rest_route=\/wp\/v2\/types\/post"}],"author":[{"embeddable":true,"href":"https:\/\/diariodominicano.com\/index.php?rest_route=\/wp\/v2\/users\/3"}],"replies":[{"embeddable":true,"href":"https:\/\/diariodominicano.com\/index.php?rest_route=%2Fwp%2Fv2%2Fcomments&post=32672"}],"version-history":[{"count":0,"href":"https:\/\/diariodominicano.com\/index.php?rest_route=\/wp\/v2\/posts\/32672\/revisions"}],"wp:attachment":[{"href":"https:\/\/diariodominicano.com\/index.php?rest_route=%2Fwp%2Fv2%2Fmedia&parent=32672"}],"wp:term":[{"taxonomy":"category","embeddable":true,"href":"https:\/\/diariodominicano.com\/index.php?rest_route=%2Fwp%2Fv2%2Fcategories&post=32672"},{"taxonomy":"post_tag","embeddable":true,"href":"https:\/\/diariodominicano.com\/index.php?rest_route=%2Fwp%2Fv2%2Ftags&post=32672"}],"curies":[{"name":"wp","href":"https:\/\/api.w.org\/{rel}","templated":true}]}}