{"id":32671,"date":"2019-02-16T10:49:49","date_gmt":"2019-02-16T10:49:49","guid":{"rendered":"http:\/\/diariodominicano.ddns.net\/?p=32671"},"modified":"2019-02-16T10:49:49","modified_gmt":"2019-02-16T10:49:49","slug":"controversia-genera-en-peru-acuerdo-con-empresa-brasilena","status":"publish","type":"post","link":"https:\/\/diariodominicano.com\/?p=32671","title":{"rendered":"Controversia genera en Per\u00fa acuerdo con empresa brasile\u00f1a"},"content":{"rendered":"<p><body><\/p>\n<p><img decoding=\"async\" src=\"img3\/odeb111.jpg\" \/>  <\/p>\n<p>Lima, 16 feb (PL) Reacciones que oscilan entre la aceptaci\u00f3n entusiasta o resignada y la discrepancia gener\u00f3 en Per\u00fa la firma en Brasil de un acuerdo que compromete a la empresa brasile\u00f1a Odebrecht a dar informaci\u00f3n sobre cuatro contratos que implican ilegalidades.<\/p>\n<\/p>\n<p>La suscripci\u00f3n se realiz\u00f3 ayer en el consulado peruano en Sao Paulo, a cargo de los fiscales Rafael Vela y Domingo P\u00e9rez, y el procurador Jorge Ram\u00edrez, de un lado, y el exrepresentante de la empresa en Per\u00fa, Jorge Barata, del otro, y fue transmitida por televisi\u00f3n a Lima.<\/p>\n<\/p>\n<p>Barata asisti\u00f3 junto a Carlos Nostre, Renato Ribeiro Bortoletti y Ricardo Boleira, se\u00f1alados por la prensa como relacionados con los tr\u00e1mites de pagos encubiertos de sobornos y aportes electorales a funcionarios y pol\u00edticos peruanos.<\/p>\n<\/p>\n<p>En Lima, analistas y pol\u00edticos coincidieron en considerar que, si bien puede tener demasiadas concesiones a Odebrecht, el acuerdo servir\u00e1 para identificar a los corruptos aun no descubiertos y obtener evidencias contundentes para los que son investigados.<\/p>\n<\/p>\n<p>Parlamentarios del partido Fuerza Popular y cuya jefa, Keiko Fujimori, est\u00e1 presa por lavado de activos para encubrir fondos recibidos de Odebrecht con fines electorales, fustigaron el acuerdo, al igual que sus aliados del Partido Aprista, del exgobernante neoliberal Alan Garc\u00eda, investigado y prohibido de salir del pa\u00eds.<\/p>\n<\/p>\n<p>Las cr\u00edticas sostienen que la indemnizaci\u00f3n al Estado peruano pactada, de 610 millones de soles (aproximadamente 185 millones de d\u00f3lares), es insuficiente, teniendo en cuenta que, adem\u00e1s, se pagar\u00e1 en 15 a\u00f1os.<\/p>\n<\/p>\n<p>A ello se a\u00f1ade el pago de impuestos pendientes por 450 millones de soles (137 millones de d\u00f3lares) y el compromiso de la empresa de cancelar este a\u00f1o junto la suma de la deuda tributaria y una primera armada de la reparaci\u00f3n, de 50 millones de soles (15 millones 150 mil d\u00f3lares).<\/p>\n<\/p>\n<p>El vocero parlamentario de FP, Carlos Tubino, critic\u00f3 los citados montos por considerarlos muy bajos y su colega de bancada Yeni Vilcatoma, sostuvo que hay irregularidades en el acuerdo por las que denunciar\u00e1 a los responsables.<\/p>\n<\/p>\n<p>El exfiscal Avelino Guill\u00e9n salud\u00f3 el entendimiento y felicit\u00f3 a los fiscales por la negociaci\u00f3n, al se\u00f1alar que est\u00e1 orgulloso de ellos porque sacaron adelante el acuerdo para que los corruptos que recibieron dinero de Odebrecht no queden impunes y lo hicieron pese a m\u00faltiples presiones, ataques y obst\u00e1culos diversos.<\/p>\n<\/p>\n<p>El acuerdo est\u00e1 referido solo a cuatro de los diversos proyectos que realiz\u00f3 Odebrecht en Per\u00fa y en los que ha aceptado que incurri\u00f3 en ilegalidades, confesi\u00f3n indispensable para un entendimiento de este tipo, previsto por la legislaci\u00f3n peruana.<\/p>\n<\/p>\n<p>Se trata de los proyectos de la carretera V\u00eda de Evitamiento de la surandina regi\u00f3n de Cusco, el Tren El\u00e9ctrico de Lima y dos tramos de la carretera Interoce\u00e1nica a Brasil, as\u00ed como la v\u00eda Costa Verde del puerto del Callao, adyacente a Lima.<\/p>\n<\/p>\n<p>Esas obras se contrataron, respectivamente bajo los gobiernos de Ollanta Humala (2011-16), Alan Garc\u00eda (2006-11) y Alejandro Toledo (2001-06), y por cuenta del gobierno regional del Callao, F\u00e9lix Moreno, pr\u00f3fugo como Toledo.<\/p>\n<\/p>\n<p>Entre las concesiones pol\u00e9micas hechas a la empresa, destaca la que le permite volver a contratar con el Estado una vez que pague su deuda tributaria, aunque una comentarista radial dijo que ello es conveniente a cambio de que ninguno de los corruptos quede impune y pretenda hacerse elegir presidente.<\/p>\n<\/p>\n<p>En declaraciones tras la firma del acuerdo, el fiscal Vela aclar\u00f3 que puede haber nuevos acuerdos si las investigaciones confirman ilegalidades en otros proyectos y Odebrecht se ve obligada a reconocerlas, lo que es indispensable.<\/p>\n<\/p>\n<p>Tambi\u00e9n confirm\u00f3 que los funcionarios de Odebrecht dar\u00e1n en los pr\u00f3ximos d\u00edas informaci\u00f3n que requieran los fiscales, sin restricciones, relacionadas con los cuatro proyectos citados.<\/p>\n<\/p>\n<p>El pacto firmado deja en claro, anot\u00f3, que si los interrogados no cumplen con entregar la informaci\u00f3n requerida y las evidencias que la sustenten, Odebrecht perder\u00e1 todos los beneficios obtenidos en la negociaci\u00f3n.<\/p>\n<\/p>\n<p>agp\/mrs\/cvl<\/p>\n<h6> 2019-02-16 10:49:49 <\/h6>\n<p><!--\n<link rel=\"stylesheet\" href=\"css\/bootstrap.min.css\">\n\n\n<ul class=\"pagination\">\n\t    \n\t\n\n<li >\n\t<a href='?page_no=1526'>Previous<\/a>\n\t<\/li>\n\n\n       \n    \n\n<li><a href='?page_no=1'>1<\/a><\/li>\n\n\n\n<li><a href='?page_no=2'>2<\/a><\/li>\n\n\n\n<li><a>...<\/a><\/li>\n\n\n\n<li><a href='?page_no=1525'>1525<\/a><\/li>\n\n\n\n<li><a href='?page_no=1526'>1526<\/a><\/li>\n\n\n\n<li class='active'><a>1527<\/a><\/li>\n\n\n\n<li><a href='?page_no=1528'>1528<\/a><\/li>\n\n\n\n<li><a href='?page_no=1529'>1529<\/a><\/li>\n\n\n\n<li><a>...<\/a><\/li>\n\n\n\n<li><a href='?page_no=1549'>1549<\/a><\/li>\n\n\n\n<li><a href='?page_no=1550'>1550<\/a><\/li>\n\n    \n\t\n\n<li >\n\t<a href='?page_no=1528'>Next<\/a>\n\t<\/li>\n\n\n    \n\n<li><a href='?page_no=1550'>Last &rsaquo;&rsaquo;<\/a><\/li>\n\n<\/ul>\n\n\n--><br \/>\n<\/body><\/p>\n","protected":false},"excerpt":{"rendered":"<p>Lima, 16 feb (PL) Reacciones que oscilan entre la aceptaci\u00f3n entusiasta o resignada y la discrepancia gener\u00f3 en Per\u00fa la firma en Brasil de un acuerdo que compromete a la empresa brasile\u00f1a Odebrecht a dar informaci\u00f3n sobre cuatro contratos que implican ilegalidades. La suscripci\u00f3n se realiz\u00f3 ayer en el consulado peruano en Sao Paulo, a [&hellip;]<\/p>\n","protected":false},"author":3,"featured_media":0,"comment_status":"open","ping_status":"open","sticky":false,"template":"","format":"standard","meta":{"footnotes":""},"categories":[19],"tags":[],"class_list":["post-32671","post","type-post","status-publish","format-standard","hentry","category-mi-voz"],"_links":{"self":[{"href":"https:\/\/diariodominicano.com\/index.php?rest_route=\/wp\/v2\/posts\/32671","targetHints":{"allow":["GET"]}}],"collection":[{"href":"https:\/\/diariodominicano.com\/index.php?rest_route=\/wp\/v2\/posts"}],"about":[{"href":"https:\/\/diariodominicano.com\/index.php?rest_route=\/wp\/v2\/types\/post"}],"author":[{"embeddable":true,"href":"https:\/\/diariodominicano.com\/index.php?rest_route=\/wp\/v2\/users\/3"}],"replies":[{"embeddable":true,"href":"https:\/\/diariodominicano.com\/index.php?rest_route=%2Fwp%2Fv2%2Fcomments&post=32671"}],"version-history":[{"count":0,"href":"https:\/\/diariodominicano.com\/index.php?rest_route=\/wp\/v2\/posts\/32671\/revisions"}],"wp:attachment":[{"href":"https:\/\/diariodominicano.com\/index.php?rest_route=%2Fwp%2Fv2%2Fmedia&parent=32671"}],"wp:term":[{"taxonomy":"category","embeddable":true,"href":"https:\/\/diariodominicano.com\/index.php?rest_route=%2Fwp%2Fv2%2Fcategories&post=32671"},{"taxonomy":"post_tag","embeddable":true,"href":"https:\/\/diariodominicano.com\/index.php?rest_route=%2Fwp%2Fv2%2Ftags&post=32671"}],"curies":[{"name":"wp","href":"https:\/\/api.w.org\/{rel}","templated":true}]}}