{"id":32657,"date":"2019-02-19T18:08:20","date_gmt":"2019-02-19T18:08:20","guid":{"rendered":"http:\/\/diariodominicano.ddns.net\/?p=32657"},"modified":"2019-02-19T18:08:20","modified_gmt":"2019-02-19T18:08:20","slug":"hipotecando-futuro-solo-el-35-de-los-ninos-recibe-proteccion-social","status":"publish","type":"post","link":"https:\/\/diariodominicano.com\/?p=32657","title":{"rendered":"Hipotecando futuro: solo el 35% de los ni\u00f1os recibe protecci\u00f3n social"},"content":{"rendered":"<p><body><\/p>\n<p><img decoding=\"async\" src=\"img3\/ninez-pobreza.jpg\" \/>  <\/p>\n<p><strong>Eduardo Cam\u00edn<\/strong><\/p>\n<p>ALAI AMLATINA19 de febrero de 2019.- <\/p>\n<p>Seg\u00fan un nuevo informe realizado por UNICEF y la OIT este pone de manifiesto la apremiante necesidad de extender la protecci\u00f3n social a todos los ni\u00f1os, para ayudarlos a escapar de la pobreza y de sus efectos devastadores, sin embargo: la gran mayor\u00eda de los ni\u00f1os no cuenta con protecci\u00f3n social.<\/p>\n<\/p>\n<\/p>\n<p>En varios pa\u00edses, los programas de protecci\u00f3n social dirigidos a los ni\u00f1os cuentan con una cobertura limitada, niveles de prestaciones inadecuados, fragmentaci\u00f3n y una pobre institucionalizaci\u00f3n. Algunos pa\u00edses sujetos a un proceso de consolidaci\u00f3n fiscal est\u00e1n reduciendo los subsidios, en lugar de extender las prestaciones, como fue acordado por los pa\u00edses en los Objetivos de Desarrollo Sostenible (ODS).<\/p>\n<\/p>\n<\/p>\n<p>La evidencia muestra claramente que el dinero desempe\u00f1a un papel vital en la ruptura del c\u00edrculo vicioso de la pobreza y vulnerabilidad. No obstante, solo 35 por ciento de los ni\u00f1os goza de protecci\u00f3n social; con cifras que oscilan desde 87 por ciento en Europa y Asia Central, 66 por ciento en las Am\u00e9ricas, 28 por ciento en Asia y hasta 16 por ciento en \u00c1frica<\/p>\n<\/p>\n<\/p>\n<p>\u00abLa pobreza infantil puede ser reducida de la noche a la ma\u00f1ana con una protecci\u00f3n social adecuada\u00bb, afirm\u00f3 Isabel Ortiz, directora del Departamento de Protecci\u00f3n Social de la OIT. El informe hace un llamado a favor de la r\u00e1pida expansi\u00f3n de las prestaciones para la familia y los hijos, con el objetivo de alcanzar la protecci\u00f3n social universal de los ni\u00f1os y lograr los ODS.<\/p>\n<\/p>\n<\/p>\n<p>Este tipo de prestaciones son un elemento vital de las pol\u00edticas dirigidas a mejorar el acceso a la nutrici\u00f3n, la salud y la educaci\u00f3n, as\u00ed como a reducir el trabajo infantil, la pobreza y la vulnerabilidad de los ni\u00f1os.<\/p>\n<\/p>\n<\/p>\n<p>\u00abLa pobreza afecta a los ni\u00f1os de manera particularmente grave, ya que sus consecuencias pueden hacerse sentir a lo largo de toda la vida. La malnutrici\u00f3n y la p\u00e9rdida de a\u00f1os de educaci\u00f3n, que con frecuencia derivan de la pobreza, son una tragedia para el individuo, su comunidad y la sociedad\u00bb, declar\u00f3 Alexandra Yuster, Directora Asociada y Jefa de Inclusi\u00f3n Social y Pol\u00edticas de UNICEF.<\/p>\n<\/p>\n<\/p>\n<p>La contracara del informe<\/p>\n<\/p>\n<\/p>\n<p>Insistimos en que lo m\u00e1s respetable es la verdad sobre la realidad, para poder dar una visi\u00f3n cabal y justa del mundo en que vivimos. Nada se paga tan caro como la sustituci\u00f3n de la realidad, por lo que nos parece o nos conviene.<\/p>\n<\/p>\n<\/p>\n<p>Esa tendencia que existe en muchas naciones con sus estad\u00edsticas y que reiteran algunos comunicadores sociales, deslizando su visi\u00f3n, en la introducci\u00f3n de datos basados en las deformaciones o en el pensamiento desiderativo, amplificado a trav\u00e9s de las redes sociales, manipulando por ende la realidad. Pero tarde o temprano esta se venga resisti\u00e9ndose a nuestras manipulaciones y apareciendo la cruda verdad, tal cual es.<\/p>\n<\/p>\n<\/p>\n<p>Pero tambi\u00e9n entendemos que cualquier neutralidad, marcada por la (seudo) objetividad, apoliticismo o profesionalismo indefinido sobre los hechos sociales en el mundo de hoy, no es otra cosa que beneficiar y favorecer los intereses de la econom\u00eda gobernante, las injusticias sociales, y perpetuar la explotaci\u00f3n del actual orden econ\u00f3mico en el plano mundial y nacional.<\/p>\n<\/p>\n<\/p>\n<p>Muchos de estos informes internacionales que hemos analizado contienen en su seno realidades y verdades escabrosas, violentas, y humillaciones, re\u00f1idas con toda la \u00e9tica de nuestra condici\u00f3n humana.<\/p>\n<\/p>\n<\/p>\n<p>Pero el mundo capitalista en el cual vivimos, carece de toda perspectiva hist\u00f3rica, sumido adem\u00e1s en una crisis general y profunda originada por las leyes objetivas y contradicciones irreconciliables derivadas del propio sistema. La crisis general del capitalismo significa su decadencia, su descomposici\u00f3n y abarca el conjunto de la humanidad, perturbando a fondo su econom\u00eda, su r\u00e9gimen social, pol\u00edtico, ideol\u00f3gico y cultural.<\/p>\n<\/p>\n<\/p>\n<p>Aceptamos con cierta normalidad que la riqueza del hombre m\u00e1s rico del mundo, Jeff Bezos, due\u00f1o de Amazon, alcanz\u00f3 el a\u00f1o pasado 112.000 millones de d\u00f3lares. Al tiempo que se nos indica que \u00abel presupuesto de salud de Etiop\u00eda equivale al 1% de su fortuna\u00bb, debemos al menos interpelarnos, porque si esto no es, una descomposici\u00f3n y decadencia de un sistema econ\u00f3mico &#8211; adem\u00e1s de una injusticia flagrante-, entonces posiblemente no hemos entendido nada, en todos estos a\u00f1os sobre las injusticias que nos gobiernan.<\/p>\n<\/p>\n<\/p>\n<p>De manera general, la riqueza de los 26 multimillonarios del mundo aument\u00f3 900.000 millones de d\u00f3lares el a\u00f1o pasado, a un ritmo de 2.500 millones de d\u00f3lares por d\u00eda, mientras los ingresos de la mitad m\u00e1s pobre de la poblaci\u00f3n del planeta cayeron 11 por ciento.,<\/p>\n<\/p>\n<\/p>\n<p>Al mismo tiempo, uno de cada cinco ni\u00f1os vive en las formas m\u00e1s extremas de pobreza (menos de 1,9 d\u00f3lares al d\u00eda), mientras que a una vaca europea se le destina 2,5 a 3 euros diarios y casi la mitad de los ni\u00f1os del mundo vive en situaci\u00f3n de pobreza \u00abmoderada\u00bb (menos de 3,10 d\u00f3lares al d\u00eda).<\/p>\n<\/p>\n<\/p>\n<p>En casi todas las regiones, la pobreza afecta a los ni\u00f1os de manera desproporcionada: ellos tienen el doble de probabilidades que los adultos de vivir en pobreza extrema.<\/p>\n<\/p>\n<\/p>\n<p>Abatir la pobreza en el capitalismo es una falacia. Pero independientemente de las razones pol\u00edticas, sociales jur\u00eddicas o econ\u00f3micas, lo cierto es que los gobiernos est\u00e1n obligados a enfrentar la pobreza. Nos consta, que muchos han hecho denodados esfuerzos e incluso en algunos momentos hist\u00f3ricos han obtenido moment\u00e1neos \u00e9xitos.<\/p>\n<\/p>\n<\/p>\n<p>Pero, desgraciadamente para los gobiernos y los pobres los empleos generados por cualquier acci\u00f3n gubernamental no son sostenibles en el tiempo y no pueden mantenerse de manera coyuntural. La fragilidad de los gobiernos dependientes de sus materias primas est\u00e1 a la deriva de los mercados financieros, y del comercio mundial, por lo tanto, son rehenes (cuasi pasivos) de las grandes potencias y sus guerras comerciales.<\/p>\n<\/p>\n<\/p>\n<p>La voluntad pol\u00edtica actual sigue siendo secuestrada por el principio de acatamiento de las leyes naturales del mercado. Y en esta l\u00f3gica lo primero es sanear la econom\u00eda, como lo recomiendan los organismos crediticios internacionales. Por lo tanto, preservar el futuro de los ni\u00f1os con los ojos puestos en el presente, bajo la presi\u00f3n enceguecedora de la urgencia econ\u00f3mica, son los riesgos de esta realidad.<\/p>\n<\/p>\n<\/p>\n<p>No obstante, todo quehacer pol\u00edtico que ignore esta tragedia no tiene futuro y, por supuesto, tampoco justificaci\u00f3n. Seguiremos hipotecando futuro en nombre del liberalismo econ\u00f3mico y el sacrosanto mercado, en el mundo de las promesas rotas, de informes que se suceden y realidades que no cambian.<\/p>\n<\/p>\n<\/p>\n<p>Eduardo Cam\u00edn<\/p>\n<\/p>\n<p>Periodista uruguayo, miembro de la Asociaci\u00f3n de Corresponsales de prensa de la ONU en Ginebra. Asociado al Centro Latinoamericano de An\u00e1lisis Estrat\u00e9gico (CLAE, www.estrategia.la )<\/p>\n<\/p>\n<\/p>\n<\/p>\n<p>https:\/\/www.alainet.org\/es\/articulo\/198238<\/p>\n<p>Facebook3 Twitter Pinterest LinkedIn WhatsApp Compartir<\/p>\n<p>Del mismo autor<\/p>\n<p>Hipotecando futuro: solo el 35% de los ni\u00f1os recibe protecci\u00f3n social    19\/02\/2019<\/p>\n<p>Uruguay, d\u00e9ficit fiscal y deuda p\u00fablica: \u00bfy la auditoria de la deuda para cu\u00e1ndo?    15\/02\/2019<\/p>\n<p>La econom\u00eda verde y 50 millones de toneladas de residuos electr\u00f3nicos se desechan cada a\u00f1o    12\/02\/2019<\/p>\n<p>Capitalismo: discurso del miedo, salarios que bajan, y violencia que aumenta    05\/02\/2019<\/p>\n<p>La OIT, cien a\u00f1os despu\u00e9s, trata de definir qu\u00e9 es el trabajo    30\/01\/2019<\/p>\n<p>Am\u00e9rica Latina y el Caribe y su extractivismo pol\u00edtico    18\/12\/2018<\/p>\n<p>Pacto Mundial de Migraciones: xenofobia y desigualdades    12\/12\/2018<\/p>\n<p>Cruje la tregua entre China y EEUU con la detenci\u00f3n de la directora de Huawei    10\/12\/2018<\/p>\n<p>Los negacionistas clim\u00e1ticos atentan contra un acuerdo en la Cumbre de Katovice    05\/12\/2018<\/p>\n<p>La paradoja Bolsonaro: la democracia, una realidad entre la econom\u00eda y la seguridad    12\/11\/2018<\/p>\n<h6> 2019-02-19 18:08:20 <\/h6>\n<p><!--\n<link rel=\"stylesheet\" href=\"css\/bootstrap.min.css\">\n\n\n<ul class=\"pagination\">\n\t    \n\t\n\n<li >\n\t<a href='?page_no=1513'>Previous<\/a>\n\t<\/li>\n\n\n       \n    \n\n<li><a href='?page_no=1'>1<\/a><\/li>\n\n\n\n<li><a href='?page_no=2'>2<\/a><\/li>\n\n\n\n<li><a>...<\/a><\/li>\n\n\n\n<li><a href='?page_no=1512'>1512<\/a><\/li>\n\n\n\n<li><a href='?page_no=1513'>1513<\/a><\/li>\n\n\n\n<li class='active'><a>1514<\/a><\/li>\n\n\n\n<li><a href='?page_no=1515'>1515<\/a><\/li>\n\n\n\n<li><a href='?page_no=1516'>1516<\/a><\/li>\n\n\n\n<li><a>...<\/a><\/li>\n\n\n\n<li><a href='?page_no=1549'>1549<\/a><\/li>\n\n\n\n<li><a href='?page_no=1550'>1550<\/a><\/li>\n\n    \n\t\n\n<li >\n\t<a href='?page_no=1515'>Next<\/a>\n\t<\/li>\n\n\n    \n\n<li><a href='?page_no=1550'>Last &rsaquo;&rsaquo;<\/a><\/li>\n\n<\/ul>\n\n\n--><br \/>\n<\/body><\/p>\n","protected":false},"excerpt":{"rendered":"<p>Eduardo Cam\u00edn ALAI AMLATINA19 de febrero de 2019.- Seg\u00fan un nuevo informe realizado por UNICEF y la OIT este pone de manifiesto la apremiante necesidad de extender la protecci\u00f3n social a todos los ni\u00f1os, para ayudarlos a escapar de la pobreza y de sus efectos devastadores, sin embargo: la gran mayor\u00eda de los ni\u00f1os no [&hellip;]<\/p>\n","protected":false},"author":3,"featured_media":0,"comment_status":"open","ping_status":"open","sticky":false,"template":"","format":"standard","meta":{"footnotes":""},"categories":[19],"tags":[],"class_list":["post-32657","post","type-post","status-publish","format-standard","hentry","category-mi-voz"],"_links":{"self":[{"href":"https:\/\/diariodominicano.com\/index.php?rest_route=\/wp\/v2\/posts\/32657","targetHints":{"allow":["GET"]}}],"collection":[{"href":"https:\/\/diariodominicano.com\/index.php?rest_route=\/wp\/v2\/posts"}],"about":[{"href":"https:\/\/diariodominicano.com\/index.php?rest_route=\/wp\/v2\/types\/post"}],"author":[{"embeddable":true,"href":"https:\/\/diariodominicano.com\/index.php?rest_route=\/wp\/v2\/users\/3"}],"replies":[{"embeddable":true,"href":"https:\/\/diariodominicano.com\/index.php?rest_route=%2Fwp%2Fv2%2Fcomments&post=32657"}],"version-history":[{"count":0,"href":"https:\/\/diariodominicano.com\/index.php?rest_route=\/wp\/v2\/posts\/32657\/revisions"}],"wp:attachment":[{"href":"https:\/\/diariodominicano.com\/index.php?rest_route=%2Fwp%2Fv2%2Fmedia&parent=32657"}],"wp:term":[{"taxonomy":"category","embeddable":true,"href":"https:\/\/diariodominicano.com\/index.php?rest_route=%2Fwp%2Fv2%2Fcategories&post=32657"},{"taxonomy":"post_tag","embeddable":true,"href":"https:\/\/diariodominicano.com\/index.php?rest_route=%2Fwp%2Fv2%2Ftags&post=32657"}],"curies":[{"name":"wp","href":"https:\/\/api.w.org\/{rel}","templated":true}]}}