{"id":326426,"date":"2022-01-25T21:09:32","date_gmt":"2022-01-26T01:09:32","guid":{"rendered":"http:\/\/diariodominicano.com\/?p=326426"},"modified":"2022-01-25T21:09:32","modified_gmt":"2022-01-26T01:09:32","slug":"ministro-de-deportes-envia-mensaje-de-felicitacion-a-david-ortiz-por-su-eleccion-a-cooperstown","status":"publish","type":"post","link":"https:\/\/diariodominicano.com\/?p=326426","title":{"rendered":"Ministro de Deportes env\u00eda mensaje de felicitaci\u00f3n a David Ortiz por su elecci\u00f3n a Cooperstown"},"content":{"rendered":"\n<p>diariodominicano.com<\/p>\n\n\n\n<p>Santo Domingo, R. D. ,  25 de enero, 2022.- El ministro de Deportes, Francisco Camacho, envi\u00f3 este martes un mensaje de felicitaci\u00f3n al ex jugador de Grandes Ligas\u00a0David Ortiz por su elecci\u00f3n\u00a0al Sal\u00f3n de la\u00a0Fama de Cooperstown.<\/p>\n\n\n\n<p>\u201cEn nombre del Gobierno&nbsp;dominicano&nbsp;y el m\u00edo propio,&nbsp;le felicito por su merecida&nbsp;elecci\u00f3n al&nbsp;Sal\u00f3n de&nbsp;la Fama deCooperstown,&nbsp;dada a conocer&nbsp;en el d\u00eda de hoy\u201d, expres\u00f3 Camacho en&nbsp;su misiva al Big Papi.<\/p>\n\n\n\n<p>Destac\u00f3 que&nbsp;\u201cesta distinci\u00f3n es&nbsp;un&nbsp;justo a&nbsp;reconocimiento&nbsp;a los&nbsp;sobresalientes&nbsp;\u00e9xitos cosechados durante su&nbsp;portentosa&nbsp;carreraen el b\u00e9isbol de las Grandes Ligas,&nbsp;poniendo&nbsp;en alto el nombre glorioso de&nbsp;nuestro pa\u00eds&nbsp;en playas extranjeras,&nbsp;para&nbsp;orgullo&nbsp;de&nbsp;los dominicanos&nbsp;que le&nbsp;respetamos y&nbsp;admiramos\u201d.<\/p>\n\n\n\n<p>\u201cTambi\u00e9n es una retribuci\u00f3n&nbsp;a&nbsp;su&nbsp;extraordinaria trayectoria&nbsp;de ciudadano preocupado por las personas m\u00e1s vulnerables y necesitadas,&nbsp;que&nbsp;se&nbsp;ha&nbsp;caracterizado por&nbsp;sus&nbsp;grandes&nbsp;contribuciones&nbsp;a causas filantr\u00f3picas,&nbsp;dirigidas principalmente a&nbsp;la ni\u00f1ez\u201d, precis\u00f3 el&nbsp;funcionario.<\/p>\n\n\n\n<p>Ortiz ser\u00e1 exaltado\u00a0al\u00a0Sal\u00f3n de\u00a0la Fama en una\u00a0ceremonia\u00a0a llevarse a cabo\u00a0el 24 de julio de este a\u00f1o en Cooperstown.<\/p>\n\n\n\n<p>Fuente:  <strong>Comunicaciones MIDEREC 20-24<\/strong>\u00a0<\/p>\n\n\n\n<p><\/p>\n","protected":false},"excerpt":{"rendered":"<p>diariodominicano.com Santo Domingo, R. D. , 25 de enero, 2022.- El ministro de Deportes, Francisco Camacho, envi\u00f3 este martes un mensaje de felicitaci\u00f3n al ex jugador de Grandes Ligas\u00a0David Ortiz por su elecci\u00f3n\u00a0al Sal\u00f3n de la\u00a0Fama de Cooperstown. \u201cEn nombre del Gobierno&nbsp;dominicano&nbsp;y el m\u00edo propio,&nbsp;le felicito por su merecida&nbsp;elecci\u00f3n al&nbsp;Sal\u00f3n de&nbsp;la Fama deCooperstown,&nbsp;dada a conocer&nbsp;en [&hellip;]<\/p>\n","protected":false},"author":5,"featured_media":326427,"comment_status":"closed","ping_status":"","sticky":true,"template":"","format":"standard","meta":{"footnotes":""},"categories":[17,27],"tags":[],"class_list":["post-326426","post","type-post","status-publish","format-standard","has-post-thumbnail","hentry","category-deportes","category-portada"],"_links":{"self":[{"href":"https:\/\/diariodominicano.com\/index.php?rest_route=\/wp\/v2\/posts\/326426","targetHints":{"allow":["GET"]}}],"collection":[{"href":"https:\/\/diariodominicano.com\/index.php?rest_route=\/wp\/v2\/posts"}],"about":[{"href":"https:\/\/diariodominicano.com\/index.php?rest_route=\/wp\/v2\/types\/post"}],"author":[{"embeddable":true,"href":"https:\/\/diariodominicano.com\/index.php?rest_route=\/wp\/v2\/users\/5"}],"replies":[{"embeddable":true,"href":"https:\/\/diariodominicano.com\/index.php?rest_route=%2Fwp%2Fv2%2Fcomments&post=326426"}],"version-history":[{"count":1,"href":"https:\/\/diariodominicano.com\/index.php?rest_route=\/wp\/v2\/posts\/326426\/revisions"}],"predecessor-version":[{"id":326428,"href":"https:\/\/diariodominicano.com\/index.php?rest_route=\/wp\/v2\/posts\/326426\/revisions\/326428"}],"wp:featuredmedia":[{"embeddable":true,"href":"https:\/\/diariodominicano.com\/index.php?rest_route=\/wp\/v2\/media\/326427"}],"wp:attachment":[{"href":"https:\/\/diariodominicano.com\/index.php?rest_route=%2Fwp%2Fv2%2Fmedia&parent=326426"}],"wp:term":[{"taxonomy":"category","embeddable":true,"href":"https:\/\/diariodominicano.com\/index.php?rest_route=%2Fwp%2Fv2%2Fcategories&post=326426"},{"taxonomy":"post_tag","embeddable":true,"href":"https:\/\/diariodominicano.com\/index.php?rest_route=%2Fwp%2Fv2%2Ftags&post=326426"}],"curies":[{"name":"wp","href":"https:\/\/api.w.org\/{rel}","templated":true}]}}