{"id":326365,"date":"2022-01-25T14:05:12","date_gmt":"2022-01-25T18:05:12","guid":{"rendered":"http:\/\/diariodominicano.com\/?p=326365"},"modified":"2022-01-25T14:05:12","modified_gmt":"2022-01-25T18:05:12","slug":"gobierno-felicita-a-los-gigantes-por-corona","status":"publish","type":"post","link":"https:\/\/diariodominicano.com\/?p=326365","title":{"rendered":"Gobierno felicita a los Gigantes por corona"},"content":{"rendered":"\n<p>diariodominicano.com<\/p>\n\n\n\n<p>Santo Domingo, R.  D.,  25 de enero, 2022.- El ministro de Deportes, Francisco Camacho, envi\u00f3 este domingo un mensaje de felicitaci\u00f3n al equipo de los Gigantes del Cibao por coronarse campe\u00f3n del torneo 2021-22 de la Liga de B\u00e9isbol Profesional de la Rep\u00fablica Dominicana (LIDOM), dedicado a la memoria del destacado deportista Khalil Hach\u00e9<\/p>\n\n\n\n<p>En una misiva enviada a Samir Rizek, presidente de los Gigantes del Cibao, Camacho se\u00f1al\u00f3 que \u201cen nombre del gobierno dominicano y en el m\u00edo propio, me es grato expresarle mi m\u00e1s calurosa felicitaci\u00f3n por la conquista de su segundo campeonato en el b\u00e9isbol profesional dominicano y le auguramos los mejores de los \u00e9xitos en la Serie del Caribe a celebrarse en el pa\u00eds\u201d<\/p>\n\n\n\n<p>En su carta a Rizek, Camacho hace extensivos sus parabienes \u201cal gerente general, Luis Urrueta,&nbsp; a los jugadores y coaches, y al personal de apoyo y oficina del conjunto cibae\u00f1o,&nbsp; as\u00ed como a su fiel y ferviente fanaticada, que ha disfrutado en grande los partidos de este torneo nacional\u201d.<\/p>\n\n\n\n<p>\u201cEste \u00e9xito ha sido posible gracias a la gallard\u00eda y entrega que han mostrado sus jugadores, grandes art\u00edfices del triunfo, quienes estamos seguros de que nuevamente pondr\u00e1n en alto el nombre del b\u00e9isbol quisqueyano en el certamen caribe\u00f1o, a inaugurarse el pr\u00f3ximo viernes\u201d, destac\u00f3 Camacho.<\/p>\n\n\n\n<p>\u201cEl pr\u00f3ximo objetivo es revalidar el t\u00edtulo de campe\u00f3n que Republica Dominicana conquist\u00f3 el pasado a\u00f1o en la edici\u00f3n de la Serie del Caribe celebrada en Mazatl\u00e1n, M\u00e9xico\u201d,&nbsp; se\u00f1al\u00f3 el funcionario.<\/p>\n\n\n\n<p>Camacho concluy\u00f3 su mensaje expresando sus deseos de que \u201cdisfruten del gran \u00e9xito alcanzado, a sabiendas de que ahora en lo adelante ser\u00e1n los representantes de un pa\u00eds que les apoyara en todo el trayecto de la Serie del Caribe Santo Domingo 2022!<\/p>\n\n\n\n<p>Fuente: Direcci\u00f3n de Estrategia y Comunicaci\u00f3n<\/p>\n\n\n\n<p>Ministerio Administrativo de la Presidencia de la Rep\u00fablica Dominicana<\/p>\n","protected":false},"excerpt":{"rendered":"<p>diariodominicano.com Santo Domingo, R. D., 25 de enero, 2022.- El ministro de Deportes, Francisco Camacho, envi\u00f3 este domingo un mensaje de felicitaci\u00f3n al equipo de los Gigantes del Cibao por coronarse campe\u00f3n del torneo 2021-22 de la Liga de B\u00e9isbol Profesional de la Rep\u00fablica Dominicana (LIDOM), dedicado a la memoria del destacado deportista Khalil Hach\u00e9 [&hellip;]<\/p>\n","protected":false},"author":5,"featured_media":326366,"comment_status":"closed","ping_status":"","sticky":true,"template":"","format":"standard","meta":{"footnotes":""},"categories":[17,27],"tags":[],"class_list":["post-326365","post","type-post","status-publish","format-standard","has-post-thumbnail","hentry","category-deportes","category-portada"],"_links":{"self":[{"href":"https:\/\/diariodominicano.com\/index.php?rest_route=\/wp\/v2\/posts\/326365","targetHints":{"allow":["GET"]}}],"collection":[{"href":"https:\/\/diariodominicano.com\/index.php?rest_route=\/wp\/v2\/posts"}],"about":[{"href":"https:\/\/diariodominicano.com\/index.php?rest_route=\/wp\/v2\/types\/post"}],"author":[{"embeddable":true,"href":"https:\/\/diariodominicano.com\/index.php?rest_route=\/wp\/v2\/users\/5"}],"replies":[{"embeddable":true,"href":"https:\/\/diariodominicano.com\/index.php?rest_route=%2Fwp%2Fv2%2Fcomments&post=326365"}],"version-history":[{"count":1,"href":"https:\/\/diariodominicano.com\/index.php?rest_route=\/wp\/v2\/posts\/326365\/revisions"}],"predecessor-version":[{"id":326367,"href":"https:\/\/diariodominicano.com\/index.php?rest_route=\/wp\/v2\/posts\/326365\/revisions\/326367"}],"wp:featuredmedia":[{"embeddable":true,"href":"https:\/\/diariodominicano.com\/index.php?rest_route=\/wp\/v2\/media\/326366"}],"wp:attachment":[{"href":"https:\/\/diariodominicano.com\/index.php?rest_route=%2Fwp%2Fv2%2Fmedia&parent=326365"}],"wp:term":[{"taxonomy":"category","embeddable":true,"href":"https:\/\/diariodominicano.com\/index.php?rest_route=%2Fwp%2Fv2%2Fcategories&post=326365"},{"taxonomy":"post_tag","embeddable":true,"href":"https:\/\/diariodominicano.com\/index.php?rest_route=%2Fwp%2Fv2%2Ftags&post=326365"}],"curies":[{"name":"wp","href":"https:\/\/api.w.org\/{rel}","templated":true}]}}