{"id":32633,"date":"2019-02-27T12:14:22","date_gmt":"2019-02-27T12:14:22","guid":{"rendered":"http:\/\/diariodominicano.ddns.net\/?p=32633"},"modified":"2019-02-27T12:14:22","modified_gmt":"2019-02-27T12:14:22","slug":"defensa-pide-suspension-de-accion-penal-vinculada-a-instituto-lula","status":"publish","type":"post","link":"https:\/\/diariodominicano.com\/?p=32633","title":{"rendered":"Defensa pide suspensi\u00f3n de acci\u00f3n penal vinculada a Instituto Lula"},"content":{"rendered":"<p><body><\/p>\n<p>Brasilia, 27 feb (PL) La defensa del expresidente Luiz Inacio Lula da Silva pidi\u00f3 al Supremo Tribunal Federal (STF) de Brasil que suspenda la acci\u00f3n penal relacionada con la adquisici\u00f3n de un terreno que ser\u00eda destinado al Instituto Lula, confirmaron hoy fuentes judiciales.<\/p>\n<\/p>\n<p>La solicitud ser\u00e1 analizada por el ministro Luiz Edson Fachin, relator en el STF de la operaci\u00f3n anticorrupci\u00f3n Lava Jato.<\/p>\n<\/p>\n<p>De acuerdo con el Ministerio P\u00fablico Federal, la constructora Odebrecht pag\u00f3 12 millones de reales (tres millones 200 mil d\u00f3lares) por un terreno donde se construir\u00e1 una nueva sede para el instituto.<\/p>\n<\/p>\n<p>El exmandatario es reo en este proceso acusado de supuestos delitos de corrupci\u00f3n y lavado de dinero.<\/p>\n<\/p>\n<p>Los abogados de Lula aseguran que su defensa fue perjudicada en la causa porque no consiguieron tener acceso al acuerdo de delaci\u00f3n de ejecutivos de Odebrecht, en la cual se bas\u00f3 la acusaci\u00f3n.<\/p>\n<\/p>\n<p>Argumentan que hubo perjuicios a la amplia defensa del exdirigente obrero, pues la Justicia Federal en Paran\u00e1 rechaz\u00f3 pedidos para revisar el pacto cerrado por Odebrecht con el Ministerio P\u00fablico.<\/p>\n<\/p>\n<p>&#8216;No hay desenlace leg\u00edtimo a una persecuci\u00f3n penal sin amplia defensa, y no hay amplia defensa sin el pleno ejercicio de la defensa t\u00e9cnica, lo que incluye, l\u00f3gicamente, acceso a cualquier prueba que se relacione con el imputado asistido&#8217;, precisa la defensa.<\/p>\n<\/p>\n<p>Desde el 7 de abril Lula permanece preso en la Superintendencia de la Polic\u00eda Federal de Curitiba, capital del sure\u00f1o estado de Paran\u00e1, tras ser condenado a 12 a\u00f1os y un mes en segunda instancia, en un caso de presuntos hechos de corrupci\u00f3n.<\/p>\n<\/p>\n<p>El exjefe de Estado fue objeto este mes de una segunda condena en la operaci\u00f3n anticorrupci\u00f3n Lava Jato, esta vez a 12 a\u00f1os y 11 meses.<\/p>\n<\/p>\n<p>La responsable de la segunda sentencia fue la jueza Gabriela Hardt, quien sustituye de forma interina al exmagistrado S\u00e9rgio Moro, actual ministro de Justicia y Seguridad P\u00fablica.<\/p>\n<\/p>\n<p>tgj\/ocs<\/p>\n<h6> 2019-02-27 12:14:22 <\/h6>\n<p><!--\n<link rel=\"stylesheet\" href=\"css\/bootstrap.min.css\">\n\n\n<ul class=\"pagination\">\n\t    \n\t\n\n<li >\n\t<a href='?page_no=1492'>Previous<\/a>\n\t<\/li>\n\n\n       \n    \n\n<li><a href='?page_no=1'>1<\/a><\/li>\n\n\n\n<li><a href='?page_no=2'>2<\/a><\/li>\n\n\n\n<li><a>...<\/a><\/li>\n\n\n\n<li><a href='?page_no=1491'>1491<\/a><\/li>\n\n\n\n<li><a href='?page_no=1492'>1492<\/a><\/li>\n\n\n\n<li class='active'><a>1493<\/a><\/li>\n\n\n\n<li><a href='?page_no=1494'>1494<\/a><\/li>\n\n\n\n<li><a href='?page_no=1495'>1495<\/a><\/li>\n\n\n\n<li><a>...<\/a><\/li>\n\n\n\n<li><a href='?page_no=1549'>1549<\/a><\/li>\n\n\n\n<li><a href='?page_no=1550'>1550<\/a><\/li>\n\n    \n\t\n\n<li >\n\t<a href='?page_no=1494'>Next<\/a>\n\t<\/li>\n\n\n    \n\n<li><a href='?page_no=1550'>Last &rsaquo;&rsaquo;<\/a><\/li>\n\n<\/ul>\n\n\n--><br \/>\n<\/body><\/p>\n","protected":false},"excerpt":{"rendered":"<p>Brasilia, 27 feb (PL) La defensa del expresidente Luiz Inacio Lula da Silva pidi\u00f3 al Supremo Tribunal Federal (STF) de Brasil que suspenda la acci\u00f3n penal relacionada con la adquisici\u00f3n de un terreno que ser\u00eda destinado al Instituto Lula, confirmaron hoy fuentes judiciales. La solicitud ser\u00e1 analizada por el ministro Luiz Edson Fachin, relator en [&hellip;]<\/p>\n","protected":false},"author":3,"featured_media":0,"comment_status":"open","ping_status":"open","sticky":false,"template":"","format":"standard","meta":{"footnotes":""},"categories":[19],"tags":[],"class_list":["post-32633","post","type-post","status-publish","format-standard","hentry","category-mi-voz"],"_links":{"self":[{"href":"https:\/\/diariodominicano.com\/index.php?rest_route=\/wp\/v2\/posts\/32633","targetHints":{"allow":["GET"]}}],"collection":[{"href":"https:\/\/diariodominicano.com\/index.php?rest_route=\/wp\/v2\/posts"}],"about":[{"href":"https:\/\/diariodominicano.com\/index.php?rest_route=\/wp\/v2\/types\/post"}],"author":[{"embeddable":true,"href":"https:\/\/diariodominicano.com\/index.php?rest_route=\/wp\/v2\/users\/3"}],"replies":[{"embeddable":true,"href":"https:\/\/diariodominicano.com\/index.php?rest_route=%2Fwp%2Fv2%2Fcomments&post=32633"}],"version-history":[{"count":0,"href":"https:\/\/diariodominicano.com\/index.php?rest_route=\/wp\/v2\/posts\/32633\/revisions"}],"wp:attachment":[{"href":"https:\/\/diariodominicano.com\/index.php?rest_route=%2Fwp%2Fv2%2Fmedia&parent=32633"}],"wp:term":[{"taxonomy":"category","embeddable":true,"href":"https:\/\/diariodominicano.com\/index.php?rest_route=%2Fwp%2Fv2%2Fcategories&post=32633"},{"taxonomy":"post_tag","embeddable":true,"href":"https:\/\/diariodominicano.com\/index.php?rest_route=%2Fwp%2Fv2%2Ftags&post=32633"}],"curies":[{"name":"wp","href":"https:\/\/api.w.org\/{rel}","templated":true}]}}