{"id":326182,"date":"2022-01-24T15:02:04","date_gmt":"2022-01-24T19:02:04","guid":{"rendered":"http:\/\/diariodominicano.com\/?p=326182"},"modified":"2022-01-24T15:02:41","modified_gmt":"2022-01-24T19:02:41","slug":"director-provincial-de-deportes-miderec-agradece-reconocimiento-en-xviii-torneo-de-softbol-liga-de-los-sapos","status":"publish","type":"post","link":"https:\/\/diariodominicano.com\/?p=326182","title":{"rendered":"Director provincial de deportes MIDEREC agradece reconocimiento en XVIII torneo de softbol Liga de los Sapos"},"content":{"rendered":"\n<p> <strong>En el centro, el director provincial de deportes-MIDEREC, se\u00f1or Tony Pe\u00f1a R, es reconocido por la Liga de los Sapos de softbol, entregan el reconocimiento, el presidente de esa entidad, Franklin Peralta; el representante de la Federaci\u00f3n Dominicana de Softbol, Osvaldo Arzola y Abel Rojas<\/strong>.<\/p>\n\n\n\n<p><\/p>\n\n\n\n<p><strong>SANTIAGO DE LOS CABALLEROS, Santiago, RD, 24 de enero de 2022.- <\/strong>El director provincial de deportes Santiago-MIDEREC, se\u00f1or Tony Pe\u00f1a R, agradeci\u00f3 el reconocimiento recibido el pasado s\u00e1bado durante la ceremonia inaugural del XVIII torneo de softbol Liga de los Sapos.<\/p>\n\n\n\n<p><\/p>\n\n\n\n<p><strong>\u201cE<\/strong>s un alto honor recibir un reconocimiento como este, de una liga de softbol como la de los Sapos, recreativa y familiar, donde los participantes juegan para divertirse, gracias y seguiremos aportando al deporte en representaci\u00f3n del Gobierno Dominicano que preside Lu\u00eds Abinader y del ministro dominicano de deportes, Francisco Camacho\u201d, dijo Pe\u00f1a R.<\/p>\n\n\n\n<p><strong>L<\/strong>a introducci\u00f3n del reconocimiento fue hecha por el presidente de la famosa liga de los Sapos, Franklin Peralta, quien felicit\u00f3 a Pe\u00f1a R, por su labor en la direcci\u00f3n que encabeza, as\u00ed como en la dirigencia deportiva nacional e internacional, sobre todo por sus aportes a la Liga de los Sapos.<\/p>\n\n\n\n<p><strong>L<\/strong>a entrega estuvo a cargo de Peralta, el representante de la Federaci\u00f3n Dominicana de Softbol, Osvaldo Arzola y Abel Rojas, luego, Pe\u00f1a R, junto al director provincial de prensa-MIDEREC, Am\u00e9rico Cabrera, hizo entrega de pelotas para jugar softbol donadas por el Ministerio Dominicano de Deportes, a seguida, junto a Arzola, fungi\u00f3 de bateador de honor.<\/p>\n\n\n\n<p><strong>Primeros partidos:<\/strong><\/p>\n\n\n\n<p><strong>E<\/strong>l equipo rojo LPR Deportes, derrot\u00f3 en ambos partidos al blanco LPR Sport, 12-5, en el primero, con victoria para el lanzador, Francisco Santos y la derrota para Alberto \u00abTule\u00bb Guare\u00f1o.<\/p>\n\n\n\n<p><strong>E<\/strong>n el segundo encuentro, el LPR Deportes volvi\u00f3 a derrotar al LPR Sport, esta vez, 11-7, con victoria para Ubaldo Guzm\u00e1n.<\/p>\n\n\n\n<p>Oscar Polanco<a rel=\"noreferrer noopener\" target=\"_blank\" href=\"mailto:oscarpolanco.santiagord@gmail.com\">oscarpolanco.santiagord@gmail.co<\/a><\/p>\n\n\n\n<p><\/p>\n\n\n\n<p><\/p>\n\n\n\n<p><\/p>\n","protected":false},"excerpt":{"rendered":"<p>En el centro, el director provincial de deportes-MIDEREC, se\u00f1or Tony Pe\u00f1a R, es reconocido por la Liga de los Sapos de softbol, entregan el reconocimiento, el presidente de esa entidad, Franklin Peralta; el representante de la Federaci\u00f3n Dominicana de Softbol, Osvaldo Arzola y Abel Rojas. SANTIAGO DE LOS CABALLEROS, Santiago, RD, 24 de enero de [&hellip;]<\/p>\n","protected":false},"author":28,"featured_media":326184,"comment_status":"closed","ping_status":"","sticky":true,"template":"","format":"standard","meta":{"footnotes":""},"categories":[17,27],"tags":[],"class_list":["post-326182","post","type-post","status-publish","format-standard","has-post-thumbnail","hentry","category-deportes","category-portada"],"_links":{"self":[{"href":"https:\/\/diariodominicano.com\/index.php?rest_route=\/wp\/v2\/posts\/326182","targetHints":{"allow":["GET"]}}],"collection":[{"href":"https:\/\/diariodominicano.com\/index.php?rest_route=\/wp\/v2\/posts"}],"about":[{"href":"https:\/\/diariodominicano.com\/index.php?rest_route=\/wp\/v2\/types\/post"}],"author":[{"embeddable":true,"href":"https:\/\/diariodominicano.com\/index.php?rest_route=\/wp\/v2\/users\/28"}],"replies":[{"embeddable":true,"href":"https:\/\/diariodominicano.com\/index.php?rest_route=%2Fwp%2Fv2%2Fcomments&post=326182"}],"version-history":[{"count":2,"href":"https:\/\/diariodominicano.com\/index.php?rest_route=\/wp\/v2\/posts\/326182\/revisions"}],"predecessor-version":[{"id":326185,"href":"https:\/\/diariodominicano.com\/index.php?rest_route=\/wp\/v2\/posts\/326182\/revisions\/326185"}],"wp:featuredmedia":[{"embeddable":true,"href":"https:\/\/diariodominicano.com\/index.php?rest_route=\/wp\/v2\/media\/326184"}],"wp:attachment":[{"href":"https:\/\/diariodominicano.com\/index.php?rest_route=%2Fwp%2Fv2%2Fmedia&parent=326182"}],"wp:term":[{"taxonomy":"category","embeddable":true,"href":"https:\/\/diariodominicano.com\/index.php?rest_route=%2Fwp%2Fv2%2Fcategories&post=326182"},{"taxonomy":"post_tag","embeddable":true,"href":"https:\/\/diariodominicano.com\/index.php?rest_route=%2Fwp%2Fv2%2Ftags&post=326182"}],"curies":[{"name":"wp","href":"https:\/\/api.w.org\/{rel}","templated":true}]}}