{"id":326176,"date":"2022-01-24T14:51:16","date_gmt":"2022-01-24T18:51:16","guid":{"rendered":"http:\/\/diariodominicano.com\/?p=326176"},"modified":"2025-03-31T21:58:22","modified_gmt":"2025-04-01T01:58:22","slug":"carta-abierta-al-dr-jaime-david-fernandez-mirabal-rafael-mendez","status":"publish","type":"post","link":"https:\/\/diariodominicano.com\/?p=326176","title":{"rendered":"Carta Abierta al Dr. Jaime David Fern\u00e1ndez Mirabal: Rafael M\u00e9ndez"},"content":{"rendered":"\n<p><\/p>\n\n\n\n<p>\u201cParece que en el proceso de producci\u00f3n, o de cocci\u00f3n, quien fuera un<br>producto pol\u00edtico, el doctor Jaime David, no qued\u00f3 bien terminado, m\u00e1s<br>bien parece que sali\u00f3 de la f\u00e1brica con algunas fallas de origen\u201d.<\/p>\n\n\n\n<p>Desafortunado, es el calificativo m\u00e1s considerado con que se debe<br>calificar las declaraciones del doctor Jaime David Fern\u00e1ndez&nbsp; Mirabal,<br>en las que reitera las cr\u00edticas al doctor Leonel Fern\u00e1ndez por haber<br>hablado de que el PLD es una f\u00e1brica de presidentes.<\/p>\n\n\n\n<p>Con declaraciones reiteradas como la indicada el doctor Fern\u00e1ndez<br>Mirabal luce como un pol\u00edtico agotado, repetitivo, escaso de<br>argumentos y con una muy d\u00e9bil y desfasada interpretaci\u00f3n de la<br>coyuntura en la que a todas luces&nbsp; busca entrar en el debate de<br>opini\u00f3n.<\/p>\n\n\n\n<p>Solitario, sin que ning\u00fan sector de sociedad mire para donde \u00e9l, y<br>mucho menos que lo valoren como un pol\u00edtico que pueda liderar alguna<br>causa, a no ser una competencia de caballito de palos o resbaladera<br>para ver qui\u00e9n llega primero a la cima de la monta\u00f1a.<\/p>\n\n\n\n<p>El doctor Jaime David no tiene autoridad moral ni pol\u00edtica para ser<br>tan reiterativo contra el doctor Leonel Fern\u00e1ndez, tomando como<br>desactualizado armamento en torno a lo que en una ocasi\u00f3n proyectar\u00e1<br>el pasado presidente del PLD.<\/p>\n\n\n\n<p>Ha de suponerse que en su condici\u00f3n de vicepresidente de la Rep\u00fablica<br>y luego en la b\u00fasqueda de la candidatura presidencial del PLD, el<br>doctor Jaime David, como producto pol\u00edtico fue elaborado en la f\u00e1brica<br>que el ex mandatario Fern\u00e1ndez enunci\u00f3.<\/p>\n\n\n\n<p>Y que es de la primera edici\u00f3n, junto con Felucho Jim\u00e9nez y Danilo<br>Medina, quienes compitieron en el mismo certamen interno para los<br>comicios del 2000, siendo el doctor Leonel Fern\u00e1ndez Presidente de la<br>rep\u00fablica.<\/p>\n\n\n\n<p>Parece que en el proceso de producci\u00f3n, o de cocci\u00f3n, quien fuera un<br>producto pol\u00edtico, el doctor Jaime David, no qued\u00f3 bien terminado, m\u00e1s<br>bien parece que sali\u00f3 de la f\u00e1brica con algunas fallas de origen.<\/p>\n\n\n\n<p>Y que a todas luces, esas fallas de origen, a pesar de que lo<br>volvieron a introducir al proceso de cocci\u00f3n, no fue posible<br>corregirlas, de forma tal que de manera airosa entrara a la carrera<br>del mercado electoral con algunos aditivos que le permitieran ver m\u00e1s<br>all\u00e1 de la curva, por lo que no doble a tiempo y se estrell\u00f3.<\/p>\n\n\n\n<p>Es por tales motivos, que al parecer, el ex vice y ex miembro de la<br>Junta Monetaria, anda en busca un culpable de que como producto<br>pol\u00edtico haya quedado chambuqueado, aunque en un tiempo demostr\u00f3 ser<br>un excelente alumno del doctor David Owen, autor del concepto S\u00edndrome<br>de Hubris, y por eso proclamado con tanta euforia que ten\u00eda muy bien<br>aprendida la primera lecci\u00f3n, pero lo que no aprendi\u00f3 fue la primera<br>colisi\u00f3n.<\/p>\n\n\n\n<p>Y porque su sobrevaloraci\u00f3n le marcaba el camino de seguir para<br>arriba, m\u00e1s arriba y mucho m\u00e1s, y no subiendo y bajando, como ense\u00f1a<br>el librito, comenz\u00f3 a cosechar los resultados de sus err\u00e1ticas l\u00edneas<br>de incoherencia, escasa visi\u00f3n de coyuntura, de saber esperar, de<br>tener coraje, y de ah\u00ed que dejara el proyecto a la deriva, sin<br>importar dejaba a la deriva y frustraba a toda una generaci\u00f3n que<br>crey\u00f3 en su proyecto presidencial y en \u00e9l como l\u00edder\u201d.<\/p>\n\n\n\n<p>&nbsp; \u201cLa experiencia se le sube a la cabeza: empieza a tratar a los<br>dem\u00e1s, simples mortales corrientes, con desprecio y desd\u00e9n. Este<br>exceso de confianza en s\u00ed mismo lo lleva a llevar a interpretar<br>equivocadamente la realidad que le rodea y a cometer errores. Al final<br>se lleva su merecido y se encuentra su n\u00e9mesis que lo destruye\u201d. Dr.<br>David Owen \u201cEl Poder y en la Enfermedad .Enfermedades de los jefes de<br>estado y de gobierno en los \u00faltimos cien a\u00f1os\u201d, p\u00e1g., 27.<\/p>\n\n\n\n<p>Lic. Rafael M\u00e9ndez<br>Periodista-Ex Diputado<\/p>\n\n\n\n<p>Enviada por Ohelmis S\u00e1nchez<a rel=\"noreferrer noopener\" target=\"_blank\" href=\"mailto:ecosdelsur01@gmail.com\">ecosdelsur01@gmail.com<\/a><\/p>\n","protected":false},"excerpt":{"rendered":"<p>\u201cParece que en el proceso de producci\u00f3n, o de cocci\u00f3n, quien fuera unproducto pol\u00edtico, el doctor Jaime David, no qued\u00f3 bien terminado, m\u00e1sbien parece que sali\u00f3 de la f\u00e1brica con algunas fallas de origen\u201d. Desafortunado, es el calificativo m\u00e1s considerado con que se debecalificar las declaraciones del doctor Jaime David Fern\u00e1ndez&nbsp; Mirabal,en las que reitera [&hellip;]<\/p>\n","protected":false},"author":28,"featured_media":326177,"comment_status":"closed","ping_status":"closed","sticky":true,"template":"","format":"standard","meta":{"footnotes":""},"categories":[22],"tags":[178],"class_list":["post-326176","post","type-post","status-publish","format-standard","has-post-thumbnail","hentry","category-politica","tag-rafael-mendez"],"_links":{"self":[{"href":"https:\/\/diariodominicano.com\/index.php?rest_route=\/wp\/v2\/posts\/326176","targetHints":{"allow":["GET"]}}],"collection":[{"href":"https:\/\/diariodominicano.com\/index.php?rest_route=\/wp\/v2\/posts"}],"about":[{"href":"https:\/\/diariodominicano.com\/index.php?rest_route=\/wp\/v2\/types\/post"}],"author":[{"embeddable":true,"href":"https:\/\/diariodominicano.com\/index.php?rest_route=\/wp\/v2\/users\/28"}],"replies":[{"embeddable":true,"href":"https:\/\/diariodominicano.com\/index.php?rest_route=%2Fwp%2Fv2%2Fcomments&post=326176"}],"version-history":[{"count":1,"href":"https:\/\/diariodominicano.com\/index.php?rest_route=\/wp\/v2\/posts\/326176\/revisions"}],"predecessor-version":[{"id":326178,"href":"https:\/\/diariodominicano.com\/index.php?rest_route=\/wp\/v2\/posts\/326176\/revisions\/326178"}],"wp:featuredmedia":[{"embeddable":true,"href":"https:\/\/diariodominicano.com\/index.php?rest_route=\/wp\/v2\/media\/326177"}],"wp:attachment":[{"href":"https:\/\/diariodominicano.com\/index.php?rest_route=%2Fwp%2Fv2%2Fmedia&parent=326176"}],"wp:term":[{"taxonomy":"category","embeddable":true,"href":"https:\/\/diariodominicano.com\/index.php?rest_route=%2Fwp%2Fv2%2Fcategories&post=326176"},{"taxonomy":"post_tag","embeddable":true,"href":"https:\/\/diariodominicano.com\/index.php?rest_route=%2Fwp%2Fv2%2Ftags&post=326176"}],"curies":[{"name":"wp","href":"https:\/\/api.w.org\/{rel}","templated":true}]}}