{"id":326081,"date":"2022-01-23T21:33:08","date_gmt":"2022-01-24T01:33:08","guid":{"rendered":"http:\/\/diariodominicano.com\/?p=326081"},"modified":"2022-01-23T21:33:08","modified_gmt":"2022-01-24T01:33:08","slug":"real-madrid-sella-un-empate-para-consolidar-dominio-en-futbol-espanol","status":"publish","type":"post","link":"https:\/\/diariodominicano.com\/?p=326081","title":{"rendered":"Real Madrid sella un empate para consolidar dominio en f\u00fatbol espa\u00f1ol"},"content":{"rendered":"\n<p>Madrid, 23 ene (Prensa Latina) El Real Madrid vino de abajo en el marcador para sellar hoy un empate a dos goles con el Elche CF y consolidar as\u00ed su dominio en la Liga espa\u00f1ola de f\u00fatbol.<\/p>\n\n\n\n<ul class=\"wp-block-list\"><li>enero 23, 2022<\/li><li>CST13:38 (GMT) -0500<\/li><\/ul>\n\n\n\n<p>De locales en el Santiago Bernab\u00e9u, los dirigidos por Carlo Ancelotti remontaron una desventaja de dos dianas gracias a los tantos en las postrimer\u00edas de Luka Modric, de penal al minuto 82 y de \u00c9der Militao al 92, para llegar a 50 puntos en lo alto de la clasificaci\u00f3n.<\/p>\n\n\n\n<p>El once merengue enfrent\u00f3 pr\u00e1cticamente todo el partido cuesta arriba tras las dianas iniciales de Lucas Boy\u00e9 (46\u2032) y Pere Milla (76\u2032), la imposibilidad de marcar en la primera parte luego del penal fallido de Karim Benzema (33\u2032), quien sali\u00f3 con molestias del encuentro.<\/p>\n\n\n\n<p>Con esta igualdad, el conjunto merengue acumula 15 victorias, cinco empates y solo dos derrotas y aventaja en cuatro puntos al Sevilla y 10 sobre el Real Betis, segundo y tercero de la clasificaci\u00f3n con 46 y 40 unidades, respectivamente.<\/p>\n\n\n\n<p>En otro resultado de la fecha 22, goles de David Garc\u00eda (64\u2032) y Kike Garc\u00eda (89\u2032) dieron triunfo de 2-0 a Osasuna frente a Granada, v\u00e1lido para mejorar al onceno lugar con balance de siete ganados, igual cifra de empates y nueve derrotas.<\/p>\n\n\n\n<p>dfm\/yma<\/p>\n","protected":false},"excerpt":{"rendered":"<p>Madrid, 23 ene (Prensa Latina) El Real Madrid vino de abajo en el marcador para sellar hoy un empate a dos goles con el Elche CF y consolidar as\u00ed su dominio en la Liga espa\u00f1ola de f\u00fatbol. enero 23, 2022 CST13:38 (GMT) -0500 De locales en el Santiago Bernab\u00e9u, los dirigidos por Carlo Ancelotti remontaron [&hellip;]<\/p>\n","protected":false},"author":28,"featured_media":326082,"comment_status":"closed","ping_status":"","sticky":false,"template":"","format":"standard","meta":{"footnotes":""},"categories":[17],"tags":[],"class_list":["post-326081","post","type-post","status-publish","format-standard","has-post-thumbnail","hentry","category-deportes"],"_links":{"self":[{"href":"https:\/\/diariodominicano.com\/index.php?rest_route=\/wp\/v2\/posts\/326081","targetHints":{"allow":["GET"]}}],"collection":[{"href":"https:\/\/diariodominicano.com\/index.php?rest_route=\/wp\/v2\/posts"}],"about":[{"href":"https:\/\/diariodominicano.com\/index.php?rest_route=\/wp\/v2\/types\/post"}],"author":[{"embeddable":true,"href":"https:\/\/diariodominicano.com\/index.php?rest_route=\/wp\/v2\/users\/28"}],"replies":[{"embeddable":true,"href":"https:\/\/diariodominicano.com\/index.php?rest_route=%2Fwp%2Fv2%2Fcomments&post=326081"}],"version-history":[{"count":1,"href":"https:\/\/diariodominicano.com\/index.php?rest_route=\/wp\/v2\/posts\/326081\/revisions"}],"predecessor-version":[{"id":326083,"href":"https:\/\/diariodominicano.com\/index.php?rest_route=\/wp\/v2\/posts\/326081\/revisions\/326083"}],"wp:featuredmedia":[{"embeddable":true,"href":"https:\/\/diariodominicano.com\/index.php?rest_route=\/wp\/v2\/media\/326082"}],"wp:attachment":[{"href":"https:\/\/diariodominicano.com\/index.php?rest_route=%2Fwp%2Fv2%2Fmedia&parent=326081"}],"wp:term":[{"taxonomy":"category","embeddable":true,"href":"https:\/\/diariodominicano.com\/index.php?rest_route=%2Fwp%2Fv2%2Fcategories&post=326081"},{"taxonomy":"post_tag","embeddable":true,"href":"https:\/\/diariodominicano.com\/index.php?rest_route=%2Fwp%2Fv2%2Ftags&post=326081"}],"curies":[{"name":"wp","href":"https:\/\/api.w.org\/{rel}","templated":true}]}}