{"id":325928,"date":"2022-01-23T13:21:17","date_gmt":"2022-01-23T17:21:17","guid":{"rendered":"http:\/\/diariodominicano.com\/?p=325928"},"modified":"2022-01-23T13:25:10","modified_gmt":"2022-01-23T17:25:10","slug":"garcia-y-vega-ganan-7ma-vuelta-al-lago-premios-en-dolares-donan-recaudacion-rd-150-000-a-sociedad-san-vicente-de-paul","status":"publish","type":"post","link":"https:\/\/diariodominicano.com\/?p=325928","title":{"rendered":"Garc\u00eda y Vega, ganan 7ma Vuelta al Lago, premios en d\u00f3lares, donan recaudaci\u00f3n RD$ 150.000 a Sociedad San Vicente de Pa\u00fal"},"content":{"rendered":"\n<p><strong>\u00a0 <strong>\u00a0\u00a0El director general de la empresa Calizamar, Fruela Roces, hace entrega de 150 mil pesos para la Sociedad San Vicente de Pa\u00fal, de Santiago, reciben las religiosas, sor Edith y sor Mar\u00eda Cecilia, representantes de esa entidad de bien social<\/strong> <\/strong><\/p>\n\n\n\n<figure class=\"wp-block-image size-full\"><img loading=\"lazy\" decoding=\"async\" width=\"745\" height=\"521\" src=\"https:\/\/diariodominicano.com\/wp-content\/uploads\/2022\/01\/2-Ganadores-open-.jpg\" alt=\"\" class=\"wp-image-325931\" srcset=\"https:\/\/diariodominicano.com\/wp-content\/uploads\/2022\/01\/2-Ganadores-open-.jpg 745w, https:\/\/diariodominicano.com\/wp-content\/uploads\/2022\/01\/2-Ganadores-open--300x210.jpg 300w\" sizes=\"auto, (max-width: 745px) 100vw, 745px\" \/><\/figure>\n\n\n\n<p><strong>S\u00c1NCHEZ RAM\u00cdRES, Cotu\u00ed, Rep\u00fablica Dominicana (23-10-2021).-<\/strong>\u00a0Los pedalistas Joel Garc\u00eda, en masculino y Mar\u00eda Vega, en femenino, ganaron la s\u00e9ptima edici\u00f3n de La Vuelta al Lago, realizada recientemente con premios en d\u00f3lares, donde el director general de Calizamar, Fruela Roces, hizo entrega de 150 mil pesos recaudados en las inscripciones a la\u00a0 Sociedad San Vicente de Pa\u00fal, de Santiago.<\/p>\n\n\n\n<p><strong>E<\/strong>n el evento, con salida, llegada y premiaci\u00f3n en la mencionada empresa, auspiciadora y organizadora de la competencia que rode\u00f3 la presa de Hatillo, el pedalista, Joel Garc\u00eda (equipo BMC), gan\u00f3 la categor\u00eda open masculina y los premios especiales de monta\u00f1a y meta Volante, para ser el mejor ciclista, llegando luego, Rafel Germ\u00e1n (La Bicicleter\u00eda) y Jeudy Liranzo (Team Salcedo Cargo Express).<\/p>\n\n\n\n<figure class=\"wp-block-image size-large\"><img loading=\"lazy\" decoding=\"async\" width=\"1024\" height=\"567\" src=\"https:\/\/diariodominicano.com\/wp-content\/uploads\/2022\/01\/4-Medallistas--1024x567.jpg\" alt=\"\" class=\"wp-image-325933\" srcset=\"https:\/\/diariodominicano.com\/wp-content\/uploads\/2022\/01\/4-Medallistas--1024x567.jpg 1024w, https:\/\/diariodominicano.com\/wp-content\/uploads\/2022\/01\/4-Medallistas--300x166.jpg 300w, https:\/\/diariodominicano.com\/wp-content\/uploads\/2022\/01\/4-Medallistas--768x426.jpg 768w, https:\/\/diariodominicano.com\/wp-content\/uploads\/2022\/01\/4-Medallistas--816x452.jpg 816w, https:\/\/diariodominicano.com\/wp-content\/uploads\/2022\/01\/4-Medallistas-.jpg 1045w\" sizes=\"auto, (max-width: 1024px) 100vw, 1024px\" \/><\/figure>\n\n\n\n<p><strong>L<\/strong>a categor\u00eda femenina fue ganada por, Mar\u00eda Vega (AC Training), seguida por, Mar\u00eda Contreras (Specialized Epic) y Stefania Fiorentino (WS Cycling Lab).<\/p>\n\n\n\n<p><strong>Primeros lugares individuales en las dem\u00e1s categor\u00edas:<\/strong>&nbsp;<strong>Master A1<\/strong>, Marcos Capell\u00e1n (Team Candelier);&nbsp;<strong>master A2<\/strong>, Juan Torres (Team Scott);&nbsp;<strong>master B<\/strong>, Quenil Lluberes (BMC);&nbsp;<strong>master C<\/strong>, Raymond Hern\u00e1ndez (La Bicicleter\u00eda) y&nbsp;<strong>E-Bike<\/strong>, Arnol Bencosme (Team Candelier).<\/p>\n\n\n\n<p><strong>CEREMONIA<\/strong><\/p>\n\n\n\n<p><strong>E<\/strong>n el inicio de la competencia, en la que participaron m\u00e1s de cien pedalistas, el director general de Calizamar, Fruela Roces, hizo entrega a la Sociedad San Vicente de Pa\u00fal, de Santiago, representada por las hermanas religiosa, sor Edith y sor Mar\u00eda Cecilia, de la cantidad recaudada, 150 mil pesos, de las inscripciones de la Vuelta al Lago.<\/p>\n\n\n\n<figure class=\"wp-block-image size-large\"><img loading=\"lazy\" decoding=\"async\" width=\"1024\" height=\"543\" src=\"https:\/\/diariodominicano.com\/wp-content\/uploads\/2022\/01\/6-Pedalistas-en-accion--1024x543.jpeg\" alt=\"\" class=\"wp-image-325934\" srcset=\"https:\/\/diariodominicano.com\/wp-content\/uploads\/2022\/01\/6-Pedalistas-en-accion--1024x543.jpeg 1024w, https:\/\/diariodominicano.com\/wp-content\/uploads\/2022\/01\/6-Pedalistas-en-accion--300x159.jpeg 300w, https:\/\/diariodominicano.com\/wp-content\/uploads\/2022\/01\/6-Pedalistas-en-accion--768x407.jpeg 768w, https:\/\/diariodominicano.com\/wp-content\/uploads\/2022\/01\/6-Pedalistas-en-accion--816x432.jpeg 816w, https:\/\/diariodominicano.com\/wp-content\/uploads\/2022\/01\/6-Pedalistas-en-accion-.jpeg 1274w\" sizes=\"auto, (max-width: 1024px) 100vw, 1024px\" \/><\/figure>\n\n\n\n<p><strong>\u201cE<\/strong>sta competici\u00f3n de ciclismo de monta\u00f1a, que busca fomentar y proteger el Medio Ambiente y el ecoturismo, volvi\u00f3 tras dos a\u00f1os y medio de ausencia por la pandemia de Covid-19, como siempre, entregamos la recaudaci\u00f3n de las inscripciones a una instituci\u00f3n de servicio y bien social, esta vez a la Sociedad San Vicente de Pa\u00fal\u201d, dijo entre otras cosas Fruela Roces.<\/p>\n\n\n\n<p><strong>E<\/strong>ntre los presentes, estuvo el empresario santiaguense, don Yeyo More Ochoa, de Ferreter\u00eda Ocho, destacado personaje de bien social, asimismo, se dirigieron a los presentes, los se\u00f1ores, Ricardo de los Santos, senador por la provincia S\u00e1nchez Ram\u00edrez y Favila Roces, gerente de mercadeo de Calizamar, en el evento, dirigido por Jon\u00e1s Vila, tambi\u00e9n participaron los s\u00edndicos de Caballero, Francisco Espino y el de Comedero, Mart\u00edn Rosa.<\/p>\n\n\n\n<figure class=\"wp-block-image size-full\"><img loading=\"lazy\" decoding=\"async\" width=\"703\" height=\"539\" src=\"https:\/\/diariodominicano.com\/wp-content\/uploads\/2022\/01\/3-Ganadoras-femeninas-1.jpeg\" alt=\"\" class=\"wp-image-325935\" srcset=\"https:\/\/diariodominicano.com\/wp-content\/uploads\/2022\/01\/3-Ganadoras-femeninas-1.jpeg 703w, https:\/\/diariodominicano.com\/wp-content\/uploads\/2022\/01\/3-Ganadoras-femeninas-1-300x230.jpeg 300w\" sizes=\"auto, (max-width: 703px) 100vw, 703px\" \/><\/figure>\n\n\n\n<p><strong>L<\/strong>a Vuelta al Lago es una competici\u00f3n de ciclismo de monta\u00f1a, tipo marat\u00f3n XCM, con un recorrido de 94 kil\u00f3metros con m\u00e1s de 2,300 metros de ascenso acumulado.<\/p>\n","protected":false},"excerpt":{"rendered":"<p>\u00a0 \u00a0\u00a0El director general de la empresa Calizamar, Fruela Roces, hace entrega de 150 mil pesos para la Sociedad San Vicente de Pa\u00fal, de Santiago, reciben las religiosas, sor Edith y sor Mar\u00eda Cecilia, representantes de esa entidad de bien social S\u00c1NCHEZ RAM\u00cdRES, Cotu\u00ed, Rep\u00fablica Dominicana (23-10-2021).-\u00a0Los pedalistas Joel Garc\u00eda, en masculino y Mar\u00eda Vega, [&hellip;]<\/p>\n","protected":false},"author":28,"featured_media":325929,"comment_status":"closed","ping_status":"","sticky":true,"template":"","format":"standard","meta":{"footnotes":""},"categories":[17,27],"tags":[],"class_list":["post-325928","post","type-post","status-publish","format-standard","has-post-thumbnail","hentry","category-deportes","category-portada"],"_links":{"self":[{"href":"https:\/\/diariodominicano.com\/index.php?rest_route=\/wp\/v2\/posts\/325928","targetHints":{"allow":["GET"]}}],"collection":[{"href":"https:\/\/diariodominicano.com\/index.php?rest_route=\/wp\/v2\/posts"}],"about":[{"href":"https:\/\/diariodominicano.com\/index.php?rest_route=\/wp\/v2\/types\/post"}],"author":[{"embeddable":true,"href":"https:\/\/diariodominicano.com\/index.php?rest_route=\/wp\/v2\/users\/28"}],"replies":[{"embeddable":true,"href":"https:\/\/diariodominicano.com\/index.php?rest_route=%2Fwp%2Fv2%2Fcomments&post=325928"}],"version-history":[{"count":3,"href":"https:\/\/diariodominicano.com\/index.php?rest_route=\/wp\/v2\/posts\/325928\/revisions"}],"predecessor-version":[{"id":325936,"href":"https:\/\/diariodominicano.com\/index.php?rest_route=\/wp\/v2\/posts\/325928\/revisions\/325936"}],"wp:featuredmedia":[{"embeddable":true,"href":"https:\/\/diariodominicano.com\/index.php?rest_route=\/wp\/v2\/media\/325929"}],"wp:attachment":[{"href":"https:\/\/diariodominicano.com\/index.php?rest_route=%2Fwp%2Fv2%2Fmedia&parent=325928"}],"wp:term":[{"taxonomy":"category","embeddable":true,"href":"https:\/\/diariodominicano.com\/index.php?rest_route=%2Fwp%2Fv2%2Fcategories&post=325928"},{"taxonomy":"post_tag","embeddable":true,"href":"https:\/\/diariodominicano.com\/index.php?rest_route=%2Fwp%2Fv2%2Ftags&post=325928"}],"curies":[{"name":"wp","href":"https:\/\/api.w.org\/{rel}","templated":true}]}}