{"id":325857,"date":"2022-01-22T17:49:20","date_gmt":"2022-01-22T21:49:20","guid":{"rendered":"http:\/\/diariodominicano.com\/?p=325857"},"modified":"2022-01-22T17:49:20","modified_gmt":"2022-01-22T21:49:20","slug":"inter-de-milan-amplia-liderato-en-seria-a-del-futbol-italiano","status":"publish","type":"post","link":"https:\/\/diariodominicano.com\/?p=325857","title":{"rendered":"Inter de Mil\u00e1n ampl\u00eda liderato en Seria A del f\u00fatbol italiano"},"content":{"rendered":"\n<p>Roma, 22 ene (Prensa Latina) El bosnio Edin Dzeko marc\u00f3 un gol en el minuto 90 y el Inter de Mil\u00e1n complet\u00f3 hoy la remontada ante el Venezia (2-1) para ampliar su liderato en la Serie A del f\u00fatbol de Italia.<\/p>\n\n\n\n<ul class=\"wp-block-list\"><li>enero 22, 2022<\/li><li>CST16:22 (GMT) -0500<\/li><\/ul>\n\n\n\n<p>El equipo de Simone Inzaghi comenz\u00f3 debajo en el marcador al encajar el tanto del franc\u00e9s Thomas Henry en el minuto 19, pero logr\u00f3 emparejar las acciones en el 40 por intermedio de Nicol\u00f2 Barella.<\/p>\n\n\n\n<p>La escuadra neroazurri apret\u00f3 el acelerador en la segunda parte en busca de la victoria, aunque no la consigui\u00f3 hasta el final del choque cuando el delantero balc\u00e1nico rompi\u00f3 con un remate de cabeza su sequ\u00eda goleadora de nueve partidos.<\/p>\n\n\n\n<p>El Inter (53) es ahora l\u00edder con cinco puntos de ventaja sobre su archirrival Milan, que ma\u00f1ana cruzar\u00e1 armas con la Juventus en el duelo m\u00e1s atractivo de la jornada 22.<\/p>\n\n\n\n<p>gas\/rps<\/p>\n\n\n\n<h1 class=\"wp-block-heading\">Mil\u00e1n vence al Torino y recupera liderazgo en f\u00fatbol italiano<\/h1>\n\n\n\n<figure class=\"wp-block-image\"><img decoding=\"async\" src=\"https:\/\/www.prensa-latina.cu\/wp-content\/uploads\/2021\/10\/tpmilanvstorino.jpg\" alt=\"\"\/><\/figure>\n\n\n\n<p>Roma, 26 oct (Prensa Latina) Un gol de Olivier Giroud bast\u00f3 para que el Mil\u00e1n superara hoy por la m\u00ednima al Torino y ascendiera nuevamente a la cima de la Liga italiana de f\u00fatbol.Share on facebook&nbsp;Share on twitter&nbsp;Share on whatsapp&nbsp;Share on telegram&nbsp;Share on email<\/p>\n\n\n\n<ul class=\"wp-block-list\"><li>octubre 26, 2021<\/li><li>CDT17:21 (GMT) -0400<\/li><\/ul>\n\n\n\n<p>El ariete galo aprovech\u00f3 un saque de esquina al minuto 14 para marcar su quinta diana de la temporada y dar la novena victoria a su equipo en 10 partidos.<\/p>\n\n\n\n<p>El club rojinegro, que adem\u00e1s tiene un empate y no conoce la derrota, lleg\u00f3 a 28 puntos y se despeg\u00f3 a tres del N\u00e1poli, para ocupar moment\u00e1neamente el puesto de honor de la tabla de posiciones.<\/p>\n\n\n\n<p>La escuadra napolitana, por su parte, ver\u00e1 acci\u00f3n el pr\u00f3ximo jueves ante el Bologna y buscar\u00e1 una victoria que le permita volver a lo m\u00e1s alto de la clasificaci\u00f3n por una mejor diferencia de goles a favor y en contra.<\/p>\n\n\n\n<p>Este martes, la d\u00e9cima fecha de la Serie A dej\u00f3 igualmente el \u00e9xito del Salernitana ante el Venezia por 1-0 y el empate entre Spezia y G\u00e9nova, todos equipos ocupantes de los \u00faltimos lugares de la tabla.<\/p>\n\n\n\n<p>Ma\u00f1ana mi\u00e9rcoles, la cartelera depara otros seis enfrentamientos, entre los que sobresale el duelo Lazio-Fiorentina.<\/p>\n\n\n\n<p>jha\/rps<\/p>\n","protected":false},"excerpt":{"rendered":"<p>Roma, 22 ene (Prensa Latina) El bosnio Edin Dzeko marc\u00f3 un gol en el minuto 90 y el Inter de Mil\u00e1n complet\u00f3 hoy la remontada ante el Venezia (2-1) para ampliar su liderato en la Serie A del f\u00fatbol de Italia. enero 22, 2022 CST16:22 (GMT) -0500 El equipo de Simone Inzaghi comenz\u00f3 debajo en [&hellip;]<\/p>\n","protected":false},"author":28,"featured_media":325858,"comment_status":"closed","ping_status":"","sticky":true,"template":"","format":"standard","meta":{"footnotes":""},"categories":[17,27],"tags":[],"class_list":["post-325857","post","type-post","status-publish","format-standard","has-post-thumbnail","hentry","category-deportes","category-portada"],"_links":{"self":[{"href":"https:\/\/diariodominicano.com\/index.php?rest_route=\/wp\/v2\/posts\/325857","targetHints":{"allow":["GET"]}}],"collection":[{"href":"https:\/\/diariodominicano.com\/index.php?rest_route=\/wp\/v2\/posts"}],"about":[{"href":"https:\/\/diariodominicano.com\/index.php?rest_route=\/wp\/v2\/types\/post"}],"author":[{"embeddable":true,"href":"https:\/\/diariodominicano.com\/index.php?rest_route=\/wp\/v2\/users\/28"}],"replies":[{"embeddable":true,"href":"https:\/\/diariodominicano.com\/index.php?rest_route=%2Fwp%2Fv2%2Fcomments&post=325857"}],"version-history":[{"count":1,"href":"https:\/\/diariodominicano.com\/index.php?rest_route=\/wp\/v2\/posts\/325857\/revisions"}],"predecessor-version":[{"id":325859,"href":"https:\/\/diariodominicano.com\/index.php?rest_route=\/wp\/v2\/posts\/325857\/revisions\/325859"}],"wp:featuredmedia":[{"embeddable":true,"href":"https:\/\/diariodominicano.com\/index.php?rest_route=\/wp\/v2\/media\/325858"}],"wp:attachment":[{"href":"https:\/\/diariodominicano.com\/index.php?rest_route=%2Fwp%2Fv2%2Fmedia&parent=325857"}],"wp:term":[{"taxonomy":"category","embeddable":true,"href":"https:\/\/diariodominicano.com\/index.php?rest_route=%2Fwp%2Fv2%2Fcategories&post=325857"},{"taxonomy":"post_tag","embeddable":true,"href":"https:\/\/diariodominicano.com\/index.php?rest_route=%2Fwp%2Fv2%2Ftags&post=325857"}],"curies":[{"name":"wp","href":"https:\/\/api.w.org\/{rel}","templated":true}]}}