{"id":325635,"date":"2022-01-21T13:56:58","date_gmt":"2022-01-21T17:56:58","guid":{"rendered":"http:\/\/diariodominicano.com\/?p=325635"},"modified":"2022-01-21T20:43:25","modified_gmt":"2022-01-22T00:43:25","slug":"confirman-visita-a-cuba-del-presidente-de-la-fide","status":"publish","type":"post","link":"https:\/\/diariodominicano.com\/?p=325635","title":{"rendered":"Confirman visita a Cuba del presidente de la FIDE"},"content":{"rendered":"\n<p>La Habana, 21 ene (Prensa Latina) El presidente de la Federaci\u00f3n Internacional de Ajedrez (FIDE), el ruso Arkady Dvorkovich, confirm\u00f3 su visita a Cuba, del 8 al 10 de febrero pr\u00f3ximo, divulg\u00f3 hoy el semanario Jit en su edici\u00f3n digital.<\/p>\n\n\n\n<ul class=\"wp-block-list\"><li>enero 21, 2022<\/li><li>CST12:37 (GMT) -0500<\/li><\/ul>\n\n\n\n<p>En declaraciones al citado medio, Carlos Rivero, titular del juego ciencia en la isla, la delegaci\u00f3n encabezada por Dvorkovich sostendr\u00e1 reuniones de trabajo con las autoridades del Instituto Nacional de Deportes y el Comit\u00e9 Ol\u00edmpico Cubano.<\/p>\n\n\n\n<p>Seg\u00fan Rivero, el m\u00e1ximo directivo de la FIDE podr\u00e1 presenciar parte del trabajo realizado en los \u00faltimos a\u00f1os en el pa\u00eds para incentivar la disciplina.<\/p>\n\n\n\n<p>Dvorkovich y sus acompa\u00f1antes podr\u00e1n observar las acciones que ejecuta la reci\u00e9n inaugurada aula especializada de ajedrez Che Guevara, perteneciente al Instituto Superior Latinoamericano del juego ciencia, y el desarrollo del proyecto so\u00f1ando a Capablanca, que busca potenciar la formaci\u00f3n de ni\u00f1os talentos.<\/p>\n\n\n\n<p>La organizaci\u00f3n deportiva mundial lleva a cabo un intenso proceso para incentivar la pr\u00e1ctica del deporte en el planeta en naciones con pocos recursos, y Cuba se encuentra entre las beneficiadas recientemente con el arribo al pa\u00eds de un grupo de implementos.<\/p>\n\n\n\n<p>La naci\u00f3n antillana ya recibi\u00f3 un equipamiento que incluyen relojes, juegos, tableros inteligentes para la trasmisi\u00f3n en vivo de las competiciones de \u00e9lite y tambi\u00e9n bibliograf\u00eda de apoyo para la ense\u00f1anza de la disciplina.<\/p>\n\n\n\n<p>Tambi\u00e9n trascendi\u00f3 que el directivo ruso ser\u00e1 el invitado oficial a la 55 edici\u00f3n del torneo internacional Capablanca In Memoriam, pactado para el mes de abril en el emblem\u00e1tico hotel Habana Libre.<\/p>\n\n\n\n<p>Dvorkovich, economista de carrera, asumi\u00f3 al frente de la FIDE en octubre de 2018, cuando sustituy\u00f3 a su compatriota Kirsan Iliumzhinov.<\/p>\n\n\n\n<p>Este el titular de la FIDE buscar\u00e1 su reelecci\u00f3n durante el congreso del organismo que se celebrar\u00e1 como parte de la Olimpiada Mundial de Ajedrez de Mosc\u00fa, en julio venidero.<\/p>\n\n\n\n<p>Luego de su paso por Cuba, Dvorkovich y sus acompa\u00f1antes viajar\u00e1n a M\u00e9xico, donde asistir\u00e1n a la celebraci\u00f3n del Campeonato Iberoamericano, del 12 al 19 de febrero.<\/p>\n\n\n\n<p>mem\/am\/rct<\/p>\n","protected":false},"excerpt":{"rendered":"<p>La Habana, 21 ene (Prensa Latina) El presidente de la Federaci\u00f3n Internacional de Ajedrez (FIDE), el ruso Arkady Dvorkovich, confirm\u00f3 su visita a Cuba, del 8 al 10 de febrero pr\u00f3ximo, divulg\u00f3 hoy el semanario Jit en su edici\u00f3n digital. enero 21, 2022 CST12:37 (GMT) -0500 En declaraciones al citado medio, Carlos Rivero, titular del [&hellip;]<\/p>\n","protected":false},"author":2,"featured_media":325743,"comment_status":"closed","ping_status":"","sticky":false,"template":"","format":"standard","meta":{"footnotes":""},"categories":[17],"tags":[],"class_list":["post-325635","post","type-post","status-publish","format-standard","has-post-thumbnail","hentry","category-deportes"],"_links":{"self":[{"href":"https:\/\/diariodominicano.com\/index.php?rest_route=\/wp\/v2\/posts\/325635","targetHints":{"allow":["GET"]}}],"collection":[{"href":"https:\/\/diariodominicano.com\/index.php?rest_route=\/wp\/v2\/posts"}],"about":[{"href":"https:\/\/diariodominicano.com\/index.php?rest_route=\/wp\/v2\/types\/post"}],"author":[{"embeddable":true,"href":"https:\/\/diariodominicano.com\/index.php?rest_route=\/wp\/v2\/users\/2"}],"replies":[{"embeddable":true,"href":"https:\/\/diariodominicano.com\/index.php?rest_route=%2Fwp%2Fv2%2Fcomments&post=325635"}],"version-history":[{"count":1,"href":"https:\/\/diariodominicano.com\/index.php?rest_route=\/wp\/v2\/posts\/325635\/revisions"}],"predecessor-version":[{"id":325636,"href":"https:\/\/diariodominicano.com\/index.php?rest_route=\/wp\/v2\/posts\/325635\/revisions\/325636"}],"wp:featuredmedia":[{"embeddable":true,"href":"https:\/\/diariodominicano.com\/index.php?rest_route=\/wp\/v2\/media\/325743"}],"wp:attachment":[{"href":"https:\/\/diariodominicano.com\/index.php?rest_route=%2Fwp%2Fv2%2Fmedia&parent=325635"}],"wp:term":[{"taxonomy":"category","embeddable":true,"href":"https:\/\/diariodominicano.com\/index.php?rest_route=%2Fwp%2Fv2%2Fcategories&post=325635"},{"taxonomy":"post_tag","embeddable":true,"href":"https:\/\/diariodominicano.com\/index.php?rest_route=%2Fwp%2Fv2%2Ftags&post=325635"}],"curies":[{"name":"wp","href":"https:\/\/api.w.org\/{rel}","templated":true}]}}