{"id":325605,"date":"2022-01-21T13:22:42","date_gmt":"2022-01-21T17:22:42","guid":{"rendered":"http:\/\/diariodominicano.com\/?p=325605"},"modified":"2022-01-21T13:30:10","modified_gmt":"2022-01-21T17:30:10","slug":"alcaldia-santiago-entrega-remozada-cancha-mixta-de-los-choferes-y-conductores-del-cibao","status":"publish","type":"post","link":"https:\/\/diariodominicano.com\/?p=325605","title":{"rendered":"Alcald\u00eda Santiago entrega  remozada cancha mixta de los choferes y conductores del Cibao"},"content":{"rendered":"\n<p><\/p>\n\n\n\n<figure class=\"wp-block-image size-large\"><img loading=\"lazy\" decoding=\"async\" width=\"1024\" height=\"678\" src=\"https:\/\/diariodominicano.com\/wp-content\/uploads\/2022\/01\/Profesor-Hector-Depadua-director-de-Deportes-1024x678.jpg\" alt=\"\" class=\"wp-image-325607\" srcset=\"https:\/\/diariodominicano.com\/wp-content\/uploads\/2022\/01\/Profesor-Hector-Depadua-director-de-Deportes-1024x678.jpg 1024w, https:\/\/diariodominicano.com\/wp-content\/uploads\/2022\/01\/Profesor-Hector-Depadua-director-de-Deportes-300x199.jpg 300w, https:\/\/diariodominicano.com\/wp-content\/uploads\/2022\/01\/Profesor-Hector-Depadua-director-de-Deportes-768x508.jpg 768w, https:\/\/diariodominicano.com\/wp-content\/uploads\/2022\/01\/Profesor-Hector-Depadua-director-de-Deportes-816x540.jpg 816w, https:\/\/diariodominicano.com\/wp-content\/uploads\/2022\/01\/Profesor-Hector-Depadua-director-de-Deportes.jpg 1280w\" sizes=\"auto, (max-width: 1024px) 100vw, 1024px\" \/><figcaption>El profesor H\u00e9ctor Depadua  destac\u00f3 el empe\u00f1o mostrado por el alcalde Abel Mart\u00ednez, para el remozamiento de la instalaci\u00f3n deportiva .<\/figcaption><\/figure>\n\n\n\n<p><strong>La instalaci\u00f3n deportiva tambi\u00e9n es utilizada por los j\u00f3venes del sector Buena Vista<\/strong><\/p>\n\n\n\n<figure class=\"wp-block-image size-large\"><img loading=\"lazy\" decoding=\"async\" width=\"1024\" height=\"678\" src=\"https:\/\/diariodominicano.com\/wp-content\/uploads\/2022\/01\/Vista-parcial-de-la-cancha-remozada-1024x678.jpg\" alt=\"\" class=\"wp-image-325608\" srcset=\"https:\/\/diariodominicano.com\/wp-content\/uploads\/2022\/01\/Vista-parcial-de-la-cancha-remozada-1024x678.jpg 1024w, https:\/\/diariodominicano.com\/wp-content\/uploads\/2022\/01\/Vista-parcial-de-la-cancha-remozada-300x199.jpg 300w, https:\/\/diariodominicano.com\/wp-content\/uploads\/2022\/01\/Vista-parcial-de-la-cancha-remozada-768x508.jpg 768w, https:\/\/diariodominicano.com\/wp-content\/uploads\/2022\/01\/Vista-parcial-de-la-cancha-remozada-816x540.jpg 816w, https:\/\/diariodominicano.com\/wp-content\/uploads\/2022\/01\/Vista-parcial-de-la-cancha-remozada.jpg 1280w\" sizes=\"auto, (max-width: 1024px) 100vw, 1024px\" \/><\/figure>\n\n\n\n<p><strong>Santiago. &#8211;<\/strong>Prosiguiendo con el programa de construcci\u00f3n y remozamiento de cientos de instalaciones deportivas en todo el municipio de Santiago, la Alcald\u00eda encabezada por el alcalde Abel Mart\u00ednez, hizo entrega del remozamiento de la cancha mixta de la Asociaci\u00f3n de Choferes y Conductores del Cibao. El espacio tambi\u00e9n es utilizada por los j\u00f3venes del sector Buena Vista. <\/p>\n\n\n\n<p>La entrega se realiz\u00f3 con la celebraci\u00f3n de un triangular de baloncesto entre los equipos A, B y C, integrado por los hombres del volante que a diario se desplazan por calles, avenidas de esta ciudad y los diferentes pueblos de la regi\u00f3n del Cibao, quienes se disputar\u00e1n la copa Alcald\u00eda de Santiago.<\/p>\n\n\n\n<p>El acto que inici\u00f3 con las notas del Himno Nacional y dio paso al desfile y alineaci\u00f3n de los equipos estuvo encabezado por el profesor H\u00e9ctor Depadua, director de Deportes del cabildo, quien represent\u00f3 al alcalde Abel Mart\u00ednez y los directivos de dicha asociaci\u00f3n encabezada por su presidente Juan Tob\u00edas Cruz.<\/p>\n\n\n\n<figure class=\"wp-block-image size-large\"><img loading=\"lazy\" decoding=\"async\" width=\"1024\" height=\"678\" src=\"https:\/\/diariodominicano.com\/wp-content\/uploads\/2022\/01\/Depadua-entrega-utileria-y-la-copa-a-disputarse-en-triangular-1024x678.jpg\" alt=\"\" class=\"wp-image-325609\" srcset=\"https:\/\/diariodominicano.com\/wp-content\/uploads\/2022\/01\/Depadua-entrega-utileria-y-la-copa-a-disputarse-en-triangular-1024x678.jpg 1024w, https:\/\/diariodominicano.com\/wp-content\/uploads\/2022\/01\/Depadua-entrega-utileria-y-la-copa-a-disputarse-en-triangular-300x199.jpg 300w, https:\/\/diariodominicano.com\/wp-content\/uploads\/2022\/01\/Depadua-entrega-utileria-y-la-copa-a-disputarse-en-triangular-768x508.jpg 768w, https:\/\/diariodominicano.com\/wp-content\/uploads\/2022\/01\/Depadua-entrega-utileria-y-la-copa-a-disputarse-en-triangular-816x540.jpg 816w, https:\/\/diariodominicano.com\/wp-content\/uploads\/2022\/01\/Depadua-entrega-utileria-y-la-copa-a-disputarse-en-triangular.jpg 1280w\" sizes=\"auto, (max-width: 1024px) 100vw, 1024px\" \/><figcaption>H\u00e9ctor Depadua en la entrega de  utiler\u00eda.<\/figcaption><\/figure>\n\n\n\n<p>Cruz dijo algunas palabras de bienvenida para agradecer al alcalde Abel Mart\u00ednez, su inter\u00e9s y dedicaci\u00f3n en llevar el deporte a todas las comunidades y de dotar a los distintos sectores de modernas instalaciones deportivas, en iguales t\u00e9rminos se pronunci\u00f3, Heriberto Sosa, encargado de deportes de dicha asociaci\u00f3n.<\/p>\n\n\n\n<p>Por su parte el profesor H\u00e9ctor Depadua, destac\u00f3 el empe\u00f1o mostrado por el alcalde Abel Mart\u00ednez, para el remozamiento de esta instalaci\u00f3n deportiva que servir\u00e1 de recreaci\u00f3n sana para los hombres del volante y los j\u00f3venes de los sectores aleda\u00f1os y reiter\u00f3 que Abel Mart\u00ednez es un abanderado del deporte.<\/p>\n\n\n\n<p>Acto seguido, entreg\u00f3 a los directivos de la Asociaci\u00f3n de Choferes y Conductores del Cibao, la copa a disputarse y toda la utiler\u00eda que ser\u00e1 utilizada en el torneo, el cual qued\u00f3 oficialmente abierto con&nbsp;&nbsp; el saque de honor por parte del ex baloncestista Tomas Cabral, (El Fantasma), que estuvo como invitado especial.<\/p>\n\n\n\n<figure class=\"wp-block-image size-large\"><img loading=\"lazy\" decoding=\"async\" width=\"1024\" height=\"678\" src=\"https:\/\/diariodominicano.com\/wp-content\/uploads\/2022\/01\/Tomas-Cabral-realiza-saque-de-honor-1024x678.jpg\" alt=\"\" class=\"wp-image-325610\" srcset=\"https:\/\/diariodominicano.com\/wp-content\/uploads\/2022\/01\/Tomas-Cabral-realiza-saque-de-honor-1024x678.jpg 1024w, https:\/\/diariodominicano.com\/wp-content\/uploads\/2022\/01\/Tomas-Cabral-realiza-saque-de-honor-300x199.jpg 300w, https:\/\/diariodominicano.com\/wp-content\/uploads\/2022\/01\/Tomas-Cabral-realiza-saque-de-honor-768x508.jpg 768w, https:\/\/diariodominicano.com\/wp-content\/uploads\/2022\/01\/Tomas-Cabral-realiza-saque-de-honor-816x540.jpg 816w, https:\/\/diariodominicano.com\/wp-content\/uploads\/2022\/01\/Tomas-Cabral-realiza-saque-de-honor.jpg 1280w\" sizes=\"auto, (max-width: 1024px) 100vw, 1024px\" \/><figcaption>Tom\u00e1s  Cabral en el momento que realiz\u00f3 el saque. de honor.<\/figcaption><\/figure>\n\n\n\n<p>Tambi\u00e9n estuvieron  Juan Gil Mateo y Antonio P\u00e9rez, presidente Ad-vitam y tesorero de la entidad que agrupa a los choferes y conductores, respectivamente, entre otros comunitarios que disfrutaron del inicio del torneo.<\/p>\n\n\n\n<p>La cancha fue  pintada con un dise\u00f1o innovador, tanto en el \u00e1rea de juego como en las grader\u00edas y &nbsp;se colocaron dos tableros nuevos, aros y mallas.<\/p>\n\n\n\n<p><strong>Direcci\u00f3n de Comunicaci\u00f3n y Prensa, Ayuntamiento de Santiago.<\/strong><\/p>\n\n\n\n<p><strong>Viernes 21 de enero 2022<\/strong><\/p>\n","protected":false},"excerpt":{"rendered":"<p>La instalaci\u00f3n deportiva tambi\u00e9n es utilizada por los j\u00f3venes del sector Buena Vista Santiago. &#8211;Prosiguiendo con el programa de construcci\u00f3n y remozamiento de cientos de instalaciones deportivas en todo el municipio de Santiago, la Alcald\u00eda encabezada por el alcalde Abel Mart\u00ednez, hizo entrega del remozamiento de la cancha mixta de la Asociaci\u00f3n de Choferes y [&hellip;]<\/p>\n","protected":false},"author":2,"featured_media":325606,"comment_status":"closed","ping_status":"","sticky":true,"template":"","format":"standard","meta":{"footnotes":""},"categories":[17,25,27],"tags":[],"class_list":["post-325605","post","type-post","status-publish","format-standard","has-post-thumbnail","hentry","category-deportes","category-gente","category-portada"],"_links":{"self":[{"href":"https:\/\/diariodominicano.com\/index.php?rest_route=\/wp\/v2\/posts\/325605","targetHints":{"allow":["GET"]}}],"collection":[{"href":"https:\/\/diariodominicano.com\/index.php?rest_route=\/wp\/v2\/posts"}],"about":[{"href":"https:\/\/diariodominicano.com\/index.php?rest_route=\/wp\/v2\/types\/post"}],"author":[{"embeddable":true,"href":"https:\/\/diariodominicano.com\/index.php?rest_route=\/wp\/v2\/users\/2"}],"replies":[{"embeddable":true,"href":"https:\/\/diariodominicano.com\/index.php?rest_route=%2Fwp%2Fv2%2Fcomments&post=325605"}],"version-history":[{"count":4,"href":"https:\/\/diariodominicano.com\/index.php?rest_route=\/wp\/v2\/posts\/325605\/revisions"}],"predecessor-version":[{"id":325615,"href":"https:\/\/diariodominicano.com\/index.php?rest_route=\/wp\/v2\/posts\/325605\/revisions\/325615"}],"wp:featuredmedia":[{"embeddable":true,"href":"https:\/\/diariodominicano.com\/index.php?rest_route=\/wp\/v2\/media\/325606"}],"wp:attachment":[{"href":"https:\/\/diariodominicano.com\/index.php?rest_route=%2Fwp%2Fv2%2Fmedia&parent=325605"}],"wp:term":[{"taxonomy":"category","embeddable":true,"href":"https:\/\/diariodominicano.com\/index.php?rest_route=%2Fwp%2Fv2%2Fcategories&post=325605"},{"taxonomy":"post_tag","embeddable":true,"href":"https:\/\/diariodominicano.com\/index.php?rest_route=%2Fwp%2Fv2%2Ftags&post=325605"}],"curies":[{"name":"wp","href":"https:\/\/api.w.org\/{rel}","templated":true}]}}