{"id":325526,"date":"2022-01-21T00:17:55","date_gmt":"2022-01-21T04:17:55","guid":{"rendered":"http:\/\/diariodominicano.com\/?p=325526"},"modified":"2022-01-21T14:10:07","modified_gmt":"2022-01-21T18:10:07","slug":"nacio-en-azua-hector-j-diaz","status":"publish","type":"post","link":"https:\/\/diariodominicano.com\/?p=325526","title":{"rendered":"Naci\u00f3 en Azua H\u00e9ctor J D\u00edaz"},"content":{"rendered":"\n<p>&nbsp;&nbsp;&nbsp; Por HTN<\/p>\n\n\n\n<p>Diariodominicano.com<\/p>\n\n\n\n<p>Azua, el &nbsp;21 de enero de 1911, naci\u00f3 en Azua, H\u00e9ctor J. D\u00edaz, quien se destac\u00f3 como poeta y locutor.<\/p>\n\n\n\n<p>&nbsp;&nbsp;&nbsp; Margarita Vallejo de Paredes, en \u201cAntolog\u00eda Literaria Dominicana\u201d afirma que H\u00e9ctor J. D\u00edaz, fue uno de los poetas dominicanos de m\u00e1s popularidad.<\/p>\n\n\n\n<p>&nbsp;&nbsp;&nbsp;&nbsp; Tambi\u00e9n se destac\u00f3 como compositor de m\u00fasica popular.<\/p>\n\n\n\n<p>&nbsp;&nbsp;&nbsp; H\u00e9ctor J. D\u00edaz public\u00f3 sus primeras poes\u00edas en el a\u00f1o 1934, en el peri\u00f3dico List\u00edn Diario, as\u00ed como en otros peri\u00f3dicos y revistas.<\/p>\n\n\n\n<p>&nbsp;&nbsp;&nbsp;&nbsp; Uno de los poemas de H\u00e9ctor J. D\u00edaz que se hicieron m\u00e1s populares en el pa\u00eds fue el titulado <strong>\u201cLo que quiero\u201d,<\/strong> en el que expresa:<\/p>\n\n\n\n<p>&nbsp;&nbsp;&nbsp; \u201cQue nadie me conozca y que nadie me quiera,<\/p>\n\n\n\n<p>&nbsp;&nbsp;&nbsp;&nbsp; que nadie se preocupe de mi triste destino,<\/p>\n\n\n\n<p>&nbsp;&nbsp;&nbsp;&nbsp; quiero ser incansable y eterno peregrino<\/p>\n\n\n\n<p>&nbsp;&nbsp;&nbsp;&nbsp; que camina sin rumbo porque nadie le espera.<\/p>\n\n\n\n<p>&nbsp;&nbsp;&nbsp;&nbsp; \u201cQue no sepan mi vida ni yo sepa la ajena,<\/p>\n\n\n\n<p>&nbsp;&nbsp;&nbsp;&nbsp;&nbsp; que nadie se preocupe si soy triste o dichoso;<\/p>\n\n\n\n<p>&nbsp;&nbsp;&nbsp;&nbsp;&nbsp; quiero ser una l\u00e1grima en un mar tempestuoso.<\/p>\n\n\n\n<p>&nbsp;&nbsp;&nbsp;&nbsp;&nbsp; O en inmenso desierto un granito de arena\u201d.<\/p>\n\n\n\n<p>&nbsp;&nbsp;&nbsp;&nbsp; H\u00e9ctor J. D\u00edaz adem\u00e1s de poeta, se distingui\u00f3 como uno de los mejores locutores que ha tenido la Rep\u00fablica Dominicana.<\/p>\n","protected":false},"excerpt":{"rendered":"<p>&nbsp;&nbsp;&nbsp; Por HTN Diariodominicano.com Azua, el &nbsp;21 de enero de 1911, naci\u00f3 en Azua, H\u00e9ctor J. D\u00edaz, quien se destac\u00f3 como poeta y locutor. &nbsp;&nbsp;&nbsp; Margarita Vallejo de Paredes, en \u201cAntolog\u00eda Literaria Dominicana\u201d afirma que H\u00e9ctor J. D\u00edaz, fue uno de los poetas dominicanos de m\u00e1s popularidad. &nbsp;&nbsp;&nbsp;&nbsp; Tambi\u00e9n se destac\u00f3 como compositor de m\u00fasica [&hellip;]<\/p>\n","protected":false},"author":28,"featured_media":325646,"comment_status":"closed","ping_status":"","sticky":true,"template":"","format":"standard","meta":{"footnotes":""},"categories":[26,27],"tags":[],"class_list":["post-325526","post","type-post","status-publish","format-standard","has-post-thumbnail","hentry","category-efemerides","category-portada"],"_links":{"self":[{"href":"https:\/\/diariodominicano.com\/index.php?rest_route=\/wp\/v2\/posts\/325526","targetHints":{"allow":["GET"]}}],"collection":[{"href":"https:\/\/diariodominicano.com\/index.php?rest_route=\/wp\/v2\/posts"}],"about":[{"href":"https:\/\/diariodominicano.com\/index.php?rest_route=\/wp\/v2\/types\/post"}],"author":[{"embeddable":true,"href":"https:\/\/diariodominicano.com\/index.php?rest_route=\/wp\/v2\/users\/28"}],"replies":[{"embeddable":true,"href":"https:\/\/diariodominicano.com\/index.php?rest_route=%2Fwp%2Fv2%2Fcomments&post=325526"}],"version-history":[{"count":3,"href":"https:\/\/diariodominicano.com\/index.php?rest_route=\/wp\/v2\/posts\/325526\/revisions"}],"predecessor-version":[{"id":325647,"href":"https:\/\/diariodominicano.com\/index.php?rest_route=\/wp\/v2\/posts\/325526\/revisions\/325647"}],"wp:featuredmedia":[{"embeddable":true,"href":"https:\/\/diariodominicano.com\/index.php?rest_route=\/wp\/v2\/media\/325646"}],"wp:attachment":[{"href":"https:\/\/diariodominicano.com\/index.php?rest_route=%2Fwp%2Fv2%2Fmedia&parent=325526"}],"wp:term":[{"taxonomy":"category","embeddable":true,"href":"https:\/\/diariodominicano.com\/index.php?rest_route=%2Fwp%2Fv2%2Fcategories&post=325526"},{"taxonomy":"post_tag","embeddable":true,"href":"https:\/\/diariodominicano.com\/index.php?rest_route=%2Fwp%2Fv2%2Ftags&post=325526"}],"curies":[{"name":"wp","href":"https:\/\/api.w.org\/{rel}","templated":true}]}}