{"id":325253,"date":"2022-01-19T22:54:49","date_gmt":"2022-01-20T02:54:49","guid":{"rendered":"http:\/\/diariodominicano.com\/?p=325253"},"modified":"2022-01-20T04:09:17","modified_gmt":"2022-01-20T08:09:17","slug":"muere-el-vicepresidente-manuel-fernandez-marmol-2","status":"publish","type":"post","link":"https:\/\/diariodominicano.com\/?p=325253","title":{"rendered":"Muere el Vicepresidente Manuel Fern\u00e1ndez M\u00e1rmol"},"content":{"rendered":"\n<p>&nbsp; Por HTN<\/p>\n\n\n\n<p>Diariodominicano.com<\/p>\n\n\n\n<div class=\"wp-block-image\"><figure class=\"alignleft size-full\"><img loading=\"lazy\" decoding=\"async\" width=\"195\" height=\"258\" src=\"https:\/\/diariodominicano.com\/wp-content\/uploads\/2022\/01\/manuel-Fernandez-Marmol-arch20.jpg\" alt=\"\" class=\"wp-image-325254\"\/><\/figure><\/div>\n\n\n\n<p><strong>SANTO DOMINGO, el 20 de enero de 1983<\/strong>, muri\u00f3 en ciudad de Santo Domingo, el vicepresidente de la Rep\u00fablica Manuel Fern\u00e1ndez M\u00e1rmol, quien adem\u00e1s era miembro del Comit\u00e9 Ejecutivo Nacional del Partido Revolucionario Dominicano.<\/p>\n\n\n\n<p>&nbsp;&nbsp;&nbsp; Fern\u00e1ndez M\u00e1rmol muri\u00f3 enfermo de c\u00e1ncer el d\u00eda 20 de enero de 1983. Adem\u00e1s de Vicepresidente de la Rep\u00fablica, era el director de la Corporaci\u00f3n de Fomento Industrial.<\/p>\n\n\n\n<p>&nbsp;&nbsp; Manolo Fern\u00e1ndez M\u00e1rmol era adem\u00e1s un reconocido comerciante. Fue electo compa\u00f1ero de boleta del doctor Salvador Jorge Blanco en las elecciones del 16 de mayo de 1982.<\/p>\n","protected":false},"excerpt":{"rendered":"<p>&nbsp; Por HTN Diariodominicano.com SANTO DOMINGO, el 20 de enero de 1983, muri\u00f3 en ciudad de Santo Domingo, el vicepresidente de la Rep\u00fablica Manuel Fern\u00e1ndez M\u00e1rmol, quien adem\u00e1s era miembro del Comit\u00e9 Ejecutivo Nacional del Partido Revolucionario Dominicano. &nbsp;&nbsp;&nbsp; Fern\u00e1ndez M\u00e1rmol muri\u00f3 enfermo de c\u00e1ncer el d\u00eda 20 de enero de 1983. Adem\u00e1s de Vicepresidente [&hellip;]<\/p>\n","protected":false},"author":28,"featured_media":325276,"comment_status":"closed","ping_status":"","sticky":true,"template":"","format":"standard","meta":{"footnotes":""},"categories":[26,27],"tags":[],"class_list":["post-325253","post","type-post","status-publish","format-standard","has-post-thumbnail","hentry","category-efemerides","category-portada"],"_links":{"self":[{"href":"https:\/\/diariodominicano.com\/index.php?rest_route=\/wp\/v2\/posts\/325253","targetHints":{"allow":["GET"]}}],"collection":[{"href":"https:\/\/diariodominicano.com\/index.php?rest_route=\/wp\/v2\/posts"}],"about":[{"href":"https:\/\/diariodominicano.com\/index.php?rest_route=\/wp\/v2\/types\/post"}],"author":[{"embeddable":true,"href":"https:\/\/diariodominicano.com\/index.php?rest_route=\/wp\/v2\/users\/28"}],"replies":[{"embeddable":true,"href":"https:\/\/diariodominicano.com\/index.php?rest_route=%2Fwp%2Fv2%2Fcomments&post=325253"}],"version-history":[{"count":3,"href":"https:\/\/diariodominicano.com\/index.php?rest_route=\/wp\/v2\/posts\/325253\/revisions"}],"predecessor-version":[{"id":325279,"href":"https:\/\/diariodominicano.com\/index.php?rest_route=\/wp\/v2\/posts\/325253\/revisions\/325279"}],"wp:featuredmedia":[{"embeddable":true,"href":"https:\/\/diariodominicano.com\/index.php?rest_route=\/wp\/v2\/media\/325276"}],"wp:attachment":[{"href":"https:\/\/diariodominicano.com\/index.php?rest_route=%2Fwp%2Fv2%2Fmedia&parent=325253"}],"wp:term":[{"taxonomy":"category","embeddable":true,"href":"https:\/\/diariodominicano.com\/index.php?rest_route=%2Fwp%2Fv2%2Fcategories&post=325253"},{"taxonomy":"post_tag","embeddable":true,"href":"https:\/\/diariodominicano.com\/index.php?rest_route=%2Fwp%2Fv2%2Ftags&post=325253"}],"curies":[{"name":"wp","href":"https:\/\/api.w.org\/{rel}","templated":true}]}}