{"id":325251,"date":"2022-01-19T22:46:21","date_gmt":"2022-01-20T02:46:21","guid":{"rendered":"http:\/\/diariodominicano.com\/?p=325251"},"modified":"2022-01-19T22:46:21","modified_gmt":"2022-01-20T02:46:21","slug":"colon-al-servicio-de-los-reyes-de-espana","status":"publish","type":"post","link":"https:\/\/diariodominicano.com\/?p=325251","title":{"rendered":"Col\u00f3n al servicio de los Reyes de Espa\u00f1a"},"content":{"rendered":"\n<p>Por HTN<\/p>\n\n\n\n<p>Diariodominicano.com<\/p>\n\n\n\n<p>SANTO DOMINGO, \u00a0el 20 de enero de 1486, Crist\u00f3bal Col\u00f3n,\u00a0 inici\u00f3 sus servicios para los reyes de Espa\u00f1a, Fernando e Isabel la Cat\u00f3lica.<\/p>\n\n\n\n<p>&nbsp;&nbsp;&nbsp; Luego &nbsp;logr\u00f3 el apoyo de la Reina Isabel para iniciar el viaje que le permiti\u00f3 llegar al Continente Americano, el cual se convirti\u00f3 en una fuente de riqueza para la monarqu\u00eda.<\/p>\n\n\n\n<p>&nbsp;&nbsp;&nbsp; La primera tierra que encontraron Crist\u00f3bal Col\u00f3n y su comitiva fue la isla de Guahanan\u00ed, en el archipi\u00e9lago de Las Bahamas. &nbsp;La bautiz\u00f3 como San Salvador.<\/p>\n\n\n\n<p>&nbsp;&nbsp; El 5 de diciembre de 1492 descubri\u00f3 la isla de Santo Domingo.<\/p>\n","protected":false},"excerpt":{"rendered":"<p>Por HTN Diariodominicano.com SANTO DOMINGO, \u00a0el 20 de enero de 1486, Crist\u00f3bal Col\u00f3n,\u00a0 inici\u00f3 sus servicios para los reyes de Espa\u00f1a, Fernando e Isabel la Cat\u00f3lica. &nbsp;&nbsp;&nbsp; Luego &nbsp;logr\u00f3 el apoyo de la Reina Isabel para iniciar el viaje que le permiti\u00f3 llegar al Continente Americano, el cual se convirti\u00f3 en una fuente de riqueza [&hellip;]<\/p>\n","protected":false},"author":28,"featured_media":288809,"comment_status":"closed","ping_status":"","sticky":true,"template":"","format":"standard","meta":{"footnotes":""},"categories":[26,27],"tags":[],"class_list":["post-325251","post","type-post","status-publish","format-standard","has-post-thumbnail","hentry","category-efemerides","category-portada"],"_links":{"self":[{"href":"https:\/\/diariodominicano.com\/index.php?rest_route=\/wp\/v2\/posts\/325251","targetHints":{"allow":["GET"]}}],"collection":[{"href":"https:\/\/diariodominicano.com\/index.php?rest_route=\/wp\/v2\/posts"}],"about":[{"href":"https:\/\/diariodominicano.com\/index.php?rest_route=\/wp\/v2\/types\/post"}],"author":[{"embeddable":true,"href":"https:\/\/diariodominicano.com\/index.php?rest_route=\/wp\/v2\/users\/28"}],"replies":[{"embeddable":true,"href":"https:\/\/diariodominicano.com\/index.php?rest_route=%2Fwp%2Fv2%2Fcomments&post=325251"}],"version-history":[{"count":1,"href":"https:\/\/diariodominicano.com\/index.php?rest_route=\/wp\/v2\/posts\/325251\/revisions"}],"predecessor-version":[{"id":325252,"href":"https:\/\/diariodominicano.com\/index.php?rest_route=\/wp\/v2\/posts\/325251\/revisions\/325252"}],"wp:featuredmedia":[{"embeddable":true,"href":"https:\/\/diariodominicano.com\/index.php?rest_route=\/wp\/v2\/media\/288809"}],"wp:attachment":[{"href":"https:\/\/diariodominicano.com\/index.php?rest_route=%2Fwp%2Fv2%2Fmedia&parent=325251"}],"wp:term":[{"taxonomy":"category","embeddable":true,"href":"https:\/\/diariodominicano.com\/index.php?rest_route=%2Fwp%2Fv2%2Fcategories&post=325251"},{"taxonomy":"post_tag","embeddable":true,"href":"https:\/\/diariodominicano.com\/index.php?rest_route=%2Fwp%2Fv2%2Ftags&post=325251"}],"curies":[{"name":"wp","href":"https:\/\/api.w.org\/{rel}","templated":true}]}}