{"id":325249,"date":"2022-01-19T22:18:00","date_gmt":"2022-01-20T02:18:00","guid":{"rendered":"http:\/\/diariodominicano.com\/?p=325249"},"modified":"2022-01-19T22:18:00","modified_gmt":"2022-01-20T02:18:00","slug":"panam-sports-revisa-avances-organizativos-de-santiago-de-chile-2023","status":"publish","type":"post","link":"https:\/\/diariodominicano.com\/?p=325249","title":{"rendered":"Panam Sports revisa avances organizativos de Santiago de Chile 2023"},"content":{"rendered":"\n<figure class=\"wp-block-image\"><img decoding=\"async\" src=\"https:\/\/www.prensa-latina.cu\/wp-content\/uploads\/2022\/01\/Juegos-Santiago-2023.jpg\" alt=\"\"\/><\/figure>\n\n\n\n<p>Santiago de Chile, 19 ene (Prensa Latina) Panam Sports y su Comisi\u00f3n de Coordinaci\u00f3n contin\u00faan hoy la revisi\u00f3n de los avances organizativos de la pr\u00f3xima edici\u00f3n de los Juegos Panamericanos y Parapanamericanos, a celebrarse en Santiago de Chile en 2023.<\/p>\n\n\n\n<ul class=\"wp-block-list\"><li>enero 19, 2022<\/li><li>CST12:04 (GMT) -0500<\/li><\/ul>\n\n\n\n<p>Encabezado por Neven Ilic, presidente del organismo continental, la comisi\u00f3n eval\u00faa las \u00e1reas de infraestructura, operaciones, administraci\u00f3n y finanzas, comercial, deportes, comunicaciones, planificaci\u00f3n y voluntariado de la cita regional, prevista del 20 de octubre al 5 de noviembre de ese a\u00f1o.<\/p>\n\n\n\n<p>Tras la reuni\u00f3n coordinadora del grupo organizador y la m\u00e1xima entidad de Am\u00e9rica, los delegados recorrieron las obras del nuevo Parque Deportivo Estadio Nacional y la Villa Panamericana y Parapanamericana que prev\u00e9 reunir durante las jornadas de acci\u00f3n a cerca de nueve mil atletas.<\/p>\n\n\n\n<p>El titular de Panam Sports valor\u00f3 de positivo el trabajo de Santiago 2023 en medio del impacto de la Covid-19, al tiempo que ratific\u00f3 el compromiso de la instituci\u00f3n de empujar cada uno de los proyectos para asegurar el \u00e9xito de la justa multideportiva.<\/p>\n\n\n\n<p>Acompa\u00f1an a Ilic en la visita por las instalaciones la ministra de Deportes Cecilia P\u00e9rez y el presidente del Comit\u00e9 Ol\u00edmpico de Chile, Miguel \u00c1ngel Mujica.<\/p>\n\n\n\n<p>gas\/yma<\/p>\n","protected":false},"excerpt":{"rendered":"<p>Santiago de Chile, 19 ene (Prensa Latina) Panam Sports y su Comisi\u00f3n de Coordinaci\u00f3n contin\u00faan hoy la revisi\u00f3n de los avances organizativos de la pr\u00f3xima edici\u00f3n de los Juegos Panamericanos y Parapanamericanos, a celebrarse en Santiago de Chile en 2023. enero 19, 2022 CST12:04 (GMT) -0500 Encabezado por Neven Ilic, presidente del organismo continental, la [&hellip;]<\/p>\n","protected":false},"author":28,"featured_media":0,"comment_status":"closed","ping_status":"","sticky":false,"template":"","format":"standard","meta":{"footnotes":""},"categories":[17],"tags":[],"class_list":["post-325249","post","type-post","status-publish","format-standard","hentry","category-deportes"],"_links":{"self":[{"href":"https:\/\/diariodominicano.com\/index.php?rest_route=\/wp\/v2\/posts\/325249","targetHints":{"allow":["GET"]}}],"collection":[{"href":"https:\/\/diariodominicano.com\/index.php?rest_route=\/wp\/v2\/posts"}],"about":[{"href":"https:\/\/diariodominicano.com\/index.php?rest_route=\/wp\/v2\/types\/post"}],"author":[{"embeddable":true,"href":"https:\/\/diariodominicano.com\/index.php?rest_route=\/wp\/v2\/users\/28"}],"replies":[{"embeddable":true,"href":"https:\/\/diariodominicano.com\/index.php?rest_route=%2Fwp%2Fv2%2Fcomments&post=325249"}],"version-history":[{"count":1,"href":"https:\/\/diariodominicano.com\/index.php?rest_route=\/wp\/v2\/posts\/325249\/revisions"}],"predecessor-version":[{"id":325250,"href":"https:\/\/diariodominicano.com\/index.php?rest_route=\/wp\/v2\/posts\/325249\/revisions\/325250"}],"wp:attachment":[{"href":"https:\/\/diariodominicano.com\/index.php?rest_route=%2Fwp%2Fv2%2Fmedia&parent=325249"}],"wp:term":[{"taxonomy":"category","embeddable":true,"href":"https:\/\/diariodominicano.com\/index.php?rest_route=%2Fwp%2Fv2%2Fcategories&post=325249"},{"taxonomy":"post_tag","embeddable":true,"href":"https:\/\/diariodominicano.com\/index.php?rest_route=%2Fwp%2Fv2%2Ftags&post=325249"}],"curies":[{"name":"wp","href":"https:\/\/api.w.org\/{rel}","templated":true}]}}