{"id":325247,"date":"2022-01-19T22:13:42","date_gmt":"2022-01-20T02:13:42","guid":{"rendered":"http:\/\/diariodominicano.com\/?p=325247"},"modified":"2022-01-19T22:13:42","modified_gmt":"2022-01-20T02:13:42","slug":"presidente-de-la-uefa-arriba-a-paraguay-para-cumbre-con-conmebol","status":"publish","type":"post","link":"https:\/\/diariodominicano.com\/?p=325247","title":{"rendered":"Presidente de la UEFA arriba a Paraguay para cumbre con Conmebol"},"content":{"rendered":"\n<figure class=\"wp-block-image\"><img decoding=\"async\" src=\"https:\/\/www.prensa-latina.cu\/wp-content\/uploads\/2022\/01\/Aleksander-Ceferin.jpg\" alt=\"Aleksander Ceferin\"\/><\/figure>\n\n\n\n<p>Asunci\u00f3n, 19 ene (Prensa Latina) El titular de la Uni\u00f3n de Federaciones Europeas de F\u00fatbol (UEFA), Aleksander Ceferin, arrib\u00f3 hoy a Paraguay para afianzar su alianza estrat\u00e9gica con la Confederaci\u00f3n Sudamericana (Conmebol) y organizar proyectos futuros.<\/p>\n\n\n\n<ul class=\"wp-block-list\"><li>enero 19, 2022<\/li><li>CST15:26 (GMT) -0500<\/li><\/ul>\n\n\n\n<p>Ceferin viaj\u00f3 acompa\u00f1ado de sus vicepresidentes Sandor Csanyl y Fernando Gomes, as\u00ed como del jefe de f\u00fatbol del organismo, el exjugador Zvonimir Boban; y particip\u00f3 de una reuni\u00f3n con el consejo de la Conmebol, indicaron medios locales.<\/p>\n\n\n\n<p>El presidente del ente europeo ten\u00edas previsto asistir igualmente a una celebraci\u00f3n por los seis a\u00f1os de gesti\u00f3n de su hom\u00f3logo sudamericano, el paraguayo Alejandro Dom\u00ednguez.<\/p>\n\n\n\n<p>Ambos directivos pasaron revista a los temas relacionados con la alianza que sus entidades pactaron en febrero de 2020 y ampliaron en diciembre pasado.<\/p>\n\n\n\n<p>Entre las principales acciones conjuntas que prev\u00e9n ejecutar, se encuentra la realizaci\u00f3n de un partido amistoso entre los actuales campeones de Europa (Italia) y de Am\u00e9rica (Argentina), programado en Londres el 1 de junio pr\u00f3ximo.<\/p>\n\n\n\n<p>Asimismo, los representantes de Conmebol y UEFA resolvieron instalar una sede conjunta en la capital inglesa.<\/p>\n\n\n\n<p>acl\/rps<\/p>\n","protected":false},"excerpt":{"rendered":"<p>Asunci\u00f3n, 19 ene (Prensa Latina) El titular de la Uni\u00f3n de Federaciones Europeas de F\u00fatbol (UEFA), Aleksander Ceferin, arrib\u00f3 hoy a Paraguay para afianzar su alianza estrat\u00e9gica con la Confederaci\u00f3n Sudamericana (Conmebol) y organizar proyectos futuros. enero 19, 2022 CST15:26 (GMT) -0500 Ceferin viaj\u00f3 acompa\u00f1ado de sus vicepresidentes Sandor Csanyl y Fernando Gomes, as\u00ed como [&hellip;]<\/p>\n","protected":false},"author":28,"featured_media":0,"comment_status":"closed","ping_status":"","sticky":false,"template":"","format":"standard","meta":{"footnotes":""},"categories":[17],"tags":[],"class_list":["post-325247","post","type-post","status-publish","format-standard","hentry","category-deportes"],"_links":{"self":[{"href":"https:\/\/diariodominicano.com\/index.php?rest_route=\/wp\/v2\/posts\/325247","targetHints":{"allow":["GET"]}}],"collection":[{"href":"https:\/\/diariodominicano.com\/index.php?rest_route=\/wp\/v2\/posts"}],"about":[{"href":"https:\/\/diariodominicano.com\/index.php?rest_route=\/wp\/v2\/types\/post"}],"author":[{"embeddable":true,"href":"https:\/\/diariodominicano.com\/index.php?rest_route=\/wp\/v2\/users\/28"}],"replies":[{"embeddable":true,"href":"https:\/\/diariodominicano.com\/index.php?rest_route=%2Fwp%2Fv2%2Fcomments&post=325247"}],"version-history":[{"count":1,"href":"https:\/\/diariodominicano.com\/index.php?rest_route=\/wp\/v2\/posts\/325247\/revisions"}],"predecessor-version":[{"id":325248,"href":"https:\/\/diariodominicano.com\/index.php?rest_route=\/wp\/v2\/posts\/325247\/revisions\/325248"}],"wp:attachment":[{"href":"https:\/\/diariodominicano.com\/index.php?rest_route=%2Fwp%2Fv2%2Fmedia&parent=325247"}],"wp:term":[{"taxonomy":"category","embeddable":true,"href":"https:\/\/diariodominicano.com\/index.php?rest_route=%2Fwp%2Fv2%2Fcategories&post=325247"},{"taxonomy":"post_tag","embeddable":true,"href":"https:\/\/diariodominicano.com\/index.php?rest_route=%2Fwp%2Fv2%2Ftags&post=325247"}],"curies":[{"name":"wp","href":"https:\/\/api.w.org\/{rel}","templated":true}]}}