{"id":325115,"date":"2022-01-19T15:30:55","date_gmt":"2022-01-19T19:30:55","guid":{"rendered":"http:\/\/diariodominicano.com\/?p=325115"},"modified":"2022-01-19T15:30:55","modified_gmt":"2022-01-19T19:30:55","slug":"fdff-anuncia-xviii-copa-independencia-de-fisiculturismo-y-fitness-para-el-27-de-febrero-en-la-capital-dominicana","status":"publish","type":"post","link":"https:\/\/diariodominicano.com\/?p=325115","title":{"rendered":"FDFF anuncia XVIII Copa Independencia de fisiculturismo y fitness para el 27 de Febrero en la capital dominicana"},"content":{"rendered":"\n<p>Tony Pe\u00f1a R<\/p>\n\n\n\n<p><\/p>\n\n\n\n<p><\/p>\n\n\n\n<p><strong>DISTRITO NACIONA, RD, 19 de enero de 2022.-<\/strong>\u00a0La Federaci\u00f3n Dominicana de Fisiculturismo y Fitness (FDFF), anunci\u00f3 el campeonato nacional de ese deporte, XXVIII Copa Independencia, para ser realizado el domingo 27 de Febrero, en el teatro La Fiesta, del hotel Jaragua.<\/p>\n\n\n\n<figure class=\"wp-block-image size-large\"><img loading=\"lazy\" decoding=\"async\" width=\"1024\" height=\"662\" src=\"https:\/\/diariodominicano.com\/wp-content\/uploads\/2022\/01\/3--1024x662.jpeg\" alt=\"\" class=\"wp-image-325117\" srcset=\"https:\/\/diariodominicano.com\/wp-content\/uploads\/2022\/01\/3--1024x662.jpeg 1024w, https:\/\/diariodominicano.com\/wp-content\/uploads\/2022\/01\/3--300x194.jpeg 300w, https:\/\/diariodominicano.com\/wp-content\/uploads\/2022\/01\/3--768x497.jpeg 768w, https:\/\/diariodominicano.com\/wp-content\/uploads\/2022\/01\/3--1536x993.jpeg 1536w, https:\/\/diariodominicano.com\/wp-content\/uploads\/2022\/01\/3--816x528.jpeg 816w, https:\/\/diariodominicano.com\/wp-content\/uploads\/2022\/01\/3-.jpeg 1638w\" sizes=\"auto, (max-width: 1024px) 100vw, 1024px\" \/><\/figure>\n\n\n\n<p> Los campeones actuales.<\/p>\n\n\n\n<p><strong>E<\/strong>l se\u00f1or Tony Pe\u00f1a R, presidente de FDFF, al ofrecer detalles sobre el particular, adelant\u00f3 que, el Comit\u00e9 Ejecutivo de la misma, as\u00ed como el personal oficial de apoyo, los jueces nacionales e internacionales, han estado laborando en la programaci\u00f3n del evento anual.<\/p>\n\n\n\n<p><strong>\u201cQ<\/strong>ueremos agradecer al Gobierno Dominicano, que preside Lu\u00eds Abinader, que, a trav\u00e9s del Ministerio Dominicano de Deportes, que encabeza Francisco Camacho, nos ha ofrecido apoyo\u201d, agreg\u00f3 Pe\u00f1a R.<\/p>\n\n\n\n<p><strong>A<\/strong>punt\u00f3 que se espera una gran cantidad de atletas, recordando que, el \u00faltimo evento del a\u00f1o pasado, Mr &amp; Msr Regi\u00f3n Norte, tuvo r\u00e9cord de participantes, siendo una competencia de muchas horas.<\/p>\n\n\n\n<p><strong>E<\/strong>n otro orden, el se\u00f1or Pe\u00f1a R, dio a conocer que, dentro de las pr\u00f3ximas horas ser\u00e1n ofrecidos otros detalles sobre la competencia que reunir\u00e1 atletas de todo el pa\u00eds, as\u00ed como del calendario del a\u00f1o y otros oficiales como cursos de preparaci\u00f3n t\u00e9cnica y jueces, entre otros, todos los eventos estar\u00e1n acorde al protocolo de salud.<\/p>\n","protected":false},"excerpt":{"rendered":"<p>Tony Pe\u00f1a R DISTRITO NACIONA, RD, 19 de enero de 2022.-\u00a0La Federaci\u00f3n Dominicana de Fisiculturismo y Fitness (FDFF), anunci\u00f3 el campeonato nacional de ese deporte, XXVIII Copa Independencia, para ser realizado el domingo 27 de Febrero, en el teatro La Fiesta, del hotel Jaragua. Los campeones actuales. El se\u00f1or Tony Pe\u00f1a R, presidente de FDFF, [&hellip;]<\/p>\n","protected":false},"author":28,"featured_media":325116,"comment_status":"closed","ping_status":"","sticky":true,"template":"","format":"standard","meta":{"footnotes":""},"categories":[17,27],"tags":[],"class_list":["post-325115","post","type-post","status-publish","format-standard","has-post-thumbnail","hentry","category-deportes","category-portada"],"_links":{"self":[{"href":"https:\/\/diariodominicano.com\/index.php?rest_route=\/wp\/v2\/posts\/325115","targetHints":{"allow":["GET"]}}],"collection":[{"href":"https:\/\/diariodominicano.com\/index.php?rest_route=\/wp\/v2\/posts"}],"about":[{"href":"https:\/\/diariodominicano.com\/index.php?rest_route=\/wp\/v2\/types\/post"}],"author":[{"embeddable":true,"href":"https:\/\/diariodominicano.com\/index.php?rest_route=\/wp\/v2\/users\/28"}],"replies":[{"embeddable":true,"href":"https:\/\/diariodominicano.com\/index.php?rest_route=%2Fwp%2Fv2%2Fcomments&post=325115"}],"version-history":[{"count":1,"href":"https:\/\/diariodominicano.com\/index.php?rest_route=\/wp\/v2\/posts\/325115\/revisions"}],"predecessor-version":[{"id":325118,"href":"https:\/\/diariodominicano.com\/index.php?rest_route=\/wp\/v2\/posts\/325115\/revisions\/325118"}],"wp:featuredmedia":[{"embeddable":true,"href":"https:\/\/diariodominicano.com\/index.php?rest_route=\/wp\/v2\/media\/325116"}],"wp:attachment":[{"href":"https:\/\/diariodominicano.com\/index.php?rest_route=%2Fwp%2Fv2%2Fmedia&parent=325115"}],"wp:term":[{"taxonomy":"category","embeddable":true,"href":"https:\/\/diariodominicano.com\/index.php?rest_route=%2Fwp%2Fv2%2Fcategories&post=325115"},{"taxonomy":"post_tag","embeddable":true,"href":"https:\/\/diariodominicano.com\/index.php?rest_route=%2Fwp%2Fv2%2Ftags&post=325115"}],"curies":[{"name":"wp","href":"https:\/\/api.w.org\/{rel}","templated":true}]}}