{"id":325042,"date":"2022-01-18T23:33:47","date_gmt":"2022-01-19T03:33:47","guid":{"rendered":"http:\/\/diariodominicano.com\/?p=325042"},"modified":"2022-01-18T23:33:47","modified_gmt":"2022-01-19T03:33:47","slug":"venezolano-quevedo-lidera-vuelta-ciclistica-al-tachira","status":"publish","type":"post","link":"https:\/\/diariodominicano.com\/?p=325042","title":{"rendered":"Venezolano Quevedo lidera Vuelta Cicl\u00edstica al T\u00e1chira"},"content":{"rendered":"\n<p>Caracas, 18 ene (Prensa Latina) El venezolano Xavier Quevedo pas\u00f3 a liderar hoy la edici\u00f3n 57 de la Vuelta Cicl\u00edstica al T\u00e1chira, tras dominar la tercera etapa, corrida sobre 131,8 kil\u00f3metros entre las localidades de Socop\u00f3 y Barinitas.<\/p>\n\n\n\n<ul class=\"wp-block-list\"><li>enero 18, 2022<\/li><li>CST21:33 (GMT) -0500<\/li><\/ul>\n\n\n\n<p>Quevedo (Fina Arroz-Venezuela Pa\u00eds de Futuro) domin\u00f3 el tercer tramo de la Grande de Am\u00e9rica con registro de 3:13:19 horas, escoltado por su compatriota Daniel Abreu (JHS Grupo) y el colombiano Juan Espinel (JB Calzado Arroz Zulia), segundo y tercero por ese orden con el mismo crono del puntero.<\/p>\n\n\n\n<p>El flamante l\u00edder del tradicional giro andino comanda la clasificaci\u00f3n general individual con tiempo acumulado de 9:56:43 horas, con 18 y 20 segundos de ventaja sobre Abreu y Espinel, respectivamente.<\/p>\n\n\n\n<p>A su vez, el serbio Dusan Rajovic (Corratec Continental) y el colombiano Johan Col\u00f3n (Idea-Indeportes Antioquia) cayeron de los dos primeros lugares hasta el s\u00e9ptimo esca\u00f1o, ambos alejados a 2:53 minutos de Quevedo.<\/p>\n\n\n\n<p>La Vuelta al T\u00e1chira completar\u00e1 ma\u00f1ana la mitad del trayecto, al disputarse la cuarta etapa, pactada sobre 104,6 kil\u00f3metros entre las localidades de Lagunillas y M\u00e9rida.<\/p>\n\n\n\n<p>msm\/wup<\/p>\n","protected":false},"excerpt":{"rendered":"<p>Caracas, 18 ene (Prensa Latina) El venezolano Xavier Quevedo pas\u00f3 a liderar hoy la edici\u00f3n 57 de la Vuelta Cicl\u00edstica al T\u00e1chira, tras dominar la tercera etapa, corrida sobre 131,8 kil\u00f3metros entre las localidades de Socop\u00f3 y Barinitas. enero 18, 2022 CST21:33 (GMT) -0500 Quevedo (Fina Arroz-Venezuela Pa\u00eds de Futuro) domin\u00f3 el tercer tramo de [&hellip;]<\/p>\n","protected":false},"author":28,"featured_media":325043,"comment_status":"closed","ping_status":"","sticky":false,"template":"","format":"standard","meta":{"footnotes":""},"categories":[17],"tags":[],"class_list":["post-325042","post","type-post","status-publish","format-standard","has-post-thumbnail","hentry","category-deportes"],"_links":{"self":[{"href":"https:\/\/diariodominicano.com\/index.php?rest_route=\/wp\/v2\/posts\/325042","targetHints":{"allow":["GET"]}}],"collection":[{"href":"https:\/\/diariodominicano.com\/index.php?rest_route=\/wp\/v2\/posts"}],"about":[{"href":"https:\/\/diariodominicano.com\/index.php?rest_route=\/wp\/v2\/types\/post"}],"author":[{"embeddable":true,"href":"https:\/\/diariodominicano.com\/index.php?rest_route=\/wp\/v2\/users\/28"}],"replies":[{"embeddable":true,"href":"https:\/\/diariodominicano.com\/index.php?rest_route=%2Fwp%2Fv2%2Fcomments&post=325042"}],"version-history":[{"count":1,"href":"https:\/\/diariodominicano.com\/index.php?rest_route=\/wp\/v2\/posts\/325042\/revisions"}],"predecessor-version":[{"id":325044,"href":"https:\/\/diariodominicano.com\/index.php?rest_route=\/wp\/v2\/posts\/325042\/revisions\/325044"}],"wp:featuredmedia":[{"embeddable":true,"href":"https:\/\/diariodominicano.com\/index.php?rest_route=\/wp\/v2\/media\/325043"}],"wp:attachment":[{"href":"https:\/\/diariodominicano.com\/index.php?rest_route=%2Fwp%2Fv2%2Fmedia&parent=325042"}],"wp:term":[{"taxonomy":"category","embeddable":true,"href":"https:\/\/diariodominicano.com\/index.php?rest_route=%2Fwp%2Fv2%2Fcategories&post=325042"},{"taxonomy":"post_tag","embeddable":true,"href":"https:\/\/diariodominicano.com\/index.php?rest_route=%2Fwp%2Fv2%2Ftags&post=325042"}],"curies":[{"name":"wp","href":"https:\/\/api.w.org\/{rel}","templated":true}]}}