{"id":32503,"date":"2019-05-06T22:56:06","date_gmt":"2019-05-06T22:56:06","guid":{"rendered":"http:\/\/diariodominicano.ddns.net\/?p=32503"},"modified":"2019-05-06T22:56:06","modified_gmt":"2019-05-06T22:56:06","slug":"unff-pide-a-paises-abordar-causas-de-deforestacion-y-de-degradacion-forestal","status":"publish","type":"post","link":"https:\/\/diariodominicano.com\/?p=32503","title":{"rendered":"UNFF pide a pa\u00edses abordar causas de deforestaci\u00f3n y de degradaci\u00f3n forestal"},"content":{"rendered":"<p><body><\/p>\n<p><img decoding=\"async\" src=\"img3\/Landscape_REDD.jpg\" \/>  <\/p>\n<\/p>\n<p><strong> <\/strong><\/p>\n<p><strong>   NACIONES UNIDAS, 6 may (Xinhua) &#8211;<\/strong>&#8211; El presidente de la 14\u00b0 sesi\u00f3n del Foro de las Naciones Unidas sobre los Bosques (UNFF por sus siglas en ingl\u00e9s), Boris Greguska, exhort\u00f3 hoy a todos los pa\u00edses y a todos los interesados a abordar las causas de la deforestaci\u00f3n y la degradaci\u00f3n forestal, a la vez que se busca el equilibrio entre crecimiento econ\u00f3mico, progreso social y sostenibilidad.<\/p>\n<\/p>\n<p>   Durante la sesi\u00f3n del UNFF, que se realizar\u00e1 del 6 al 10 de mayo, Greguska dijo que la gobernanza debe mejorar para integrar los temas forestales a todos los sectores e implementar pol\u00edticas y programas coherentes. <\/p>\n<\/p>\n<p>   En nombre del subsecretario general de la ONU Liu Zhenmin, la secretaria general asistente para Coordinaci\u00f3n de Pol\u00edticas y Asuntos Entre Agencias del Departamento de Asuntos Econ\u00f3micos y Sociales, Maria-Francesca Spatolisano, dijo que el 2019 marca el segundo aniversario de la adopci\u00f3n del plan estrat\u00e9gico de Naciones Unidas para los bosques.<\/p>\n<\/p>\n<p>   En abril de 2017, la Asamblea General de la ONU adopt\u00f3 el primer Plan Estrat\u00e9gico de Naciones Unidas para los Bosques 2017-2030. El plan constituye un marco global para acciones en todos los niveles con el fin de manejar de forma sostenible todo tipo de bosques y \u00e1rboles fuera de bosques y detener la deforestaci\u00f3n y la degradaci\u00f3n forestal.<\/p>\n<\/p>\n<p>   En el centro del Plan Estrat\u00e9gico se encuentran seis Objetivos Forestales Globales y 26 objetivos asociados que deben ser alcanzados para 2030, los cuales son voluntarios y universales.<\/p>\n<\/p>\n<p>   Luego de hacer un llamado para una cooperaci\u00f3n y compromisos pol\u00edticos m\u00e1s fuertes, Spatolisano dijo que los bosques se encuentran entre los recursos naturales renovables m\u00e1s productivos y se\u00f1al\u00f3 que impulsan el crecimiento econ\u00f3mico y representan una red de seguridad para los pobres de \u00e1reas rurales y urbanas de los pa\u00edses en desarrollo.<\/p>\n<\/p>\n<p>  Lamentablemente, las pol\u00edticas de desarrollo que dan prioridad al uso de la tierra para agricultura y energ\u00eda siguen teniendo como resultado la deforestaci\u00f3n, dijo, y record\u00f3 que ampliar la superficie forestal mundial en tres por ciento es un objetivo hist\u00f3rico del plan estrat\u00e9gico.<\/p>\n<\/p>\n<p>   En nombre del Grupo Africano y aline\u00e1ndose con el Grupo de los 77, el representante permanente de Senegal ante la ONU, Cheikh Niang, tambi\u00e9n exhort\u00f3 a la comunidad forestal internacional a redoblar esfuerzos para implementar el plan estrat\u00e9gico como herramienta para erradicar la pobreza, apoyar la forma de vida rural, y proteger la biodiversidad y los recursos gen\u00e9ticos para las generaciones futuras.<\/p>\n<\/p>\n<p>   Tras se\u00f1alar que las emisiones de gases de invernadero derivados de la energ\u00eda, el transporte y la deforestaci\u00f3n se encuentran entre los principales motores del fen\u00f3meno, Cheikh Niang dijo que s\u00f3lo la deforestaci\u00f3n representa m\u00e1s del 20 por ciento de las emisiones de CO2 del mundo.<\/p>\n<\/p>\n<p>   Debemos sembrar bosques con firmeza y alentar la acci\u00f3n local para alcanzar los objetivos globales relacionados con el cambio clim\u00e1tico y el desarrollo sostenible, dijo el funcionario senegal\u00e9s, quien pidi\u00f3 la participaci\u00f3n de una amplia gama de inversionistas y esfuerzos para restablecer los bosques de todo el mundo.<\/p>\n<\/p>\n<p>    Tomasz Grysa, observador de la Santa Sede, dijo que la r\u00e1pida destrucci\u00f3n de los bosques est\u00e1 agotando su biodiversidad tan r\u00e1pidamente que la magnitud total de la p\u00e9rdida podr\u00eda no conocerse nunca. Grysa dijo que la p\u00e9rdida de selvas no s\u00f3lo significa la p\u00e9rdida de especies, sino tambi\u00e9n la p\u00e9rdida de relaciones vitales que podr\u00edan acabar alterando ecosistemas enteros.<\/p>\n<\/p>\n<p>   Muchos pa\u00edses compartieron sus experiencias sobre el manejo forestal sostenible durante el foro.<\/p>\n<\/p>\n<p>   Un participante chino dijo que China ha elaborado diferentes pol\u00edticas para promover la implementaci\u00f3n del plan estrat\u00e9gico. S\u00f3lo en 2018, China cre\u00f3 siete millones de hect\u00e1reas de plantaci\u00f3n. Adem\u00e1s, el gobierno se est\u00e1 concentrando en ofrecer beneficios econ\u00f3micos y sociales y en mejorar la vida de las personas que dependen de los bosques.<\/p>\n<\/p>\n<p>   China est\u00e1 trabajando para resolver los problemas causados por el manejo multisectorial a trav\u00e9s de establecer un mecanismo de manejo unitario, dijo. Fin<\/p>\n<\/p>\n<h6> 2019-05-06 22:56:06 <\/h6>\n<p><!--\n<link rel=\"stylesheet\" href=\"css\/bootstrap.min.css\">\n\n\n<ul class=\"pagination\">\n\t    \n\t\n\n<li >\n\t<a href='?page_no=1375'>Previous<\/a>\n\t<\/li>\n\n\n       \n    \n\n<li><a href='?page_no=1'>1<\/a><\/li>\n\n\n\n<li><a href='?page_no=2'>2<\/a><\/li>\n\n\n\n<li><a>...<\/a><\/li>\n\n\n\n<li><a href='?page_no=1374'>1374<\/a><\/li>\n\n\n\n<li><a href='?page_no=1375'>1375<\/a><\/li>\n\n\n\n<li class='active'><a>1376<\/a><\/li>\n\n\n\n<li><a href='?page_no=1377'>1377<\/a><\/li>\n\n\n\n<li><a href='?page_no=1378'>1378<\/a><\/li>\n\n\n\n<li><a>...<\/a><\/li>\n\n\n\n<li><a href='?page_no=1549'>1549<\/a><\/li>\n\n\n\n<li><a href='?page_no=1550'>1550<\/a><\/li>\n\n    \n\t\n\n<li >\n\t<a href='?page_no=1377'>Next<\/a>\n\t<\/li>\n\n\n    \n\n<li><a href='?page_no=1550'>Last &rsaquo;&rsaquo;<\/a><\/li>\n\n<\/ul>\n\n\n--><br \/>\n<\/body><\/p>\n","protected":false},"excerpt":{"rendered":"<p>NACIONES UNIDAS, 6 may (Xinhua) &#8211;&#8211; El presidente de la 14\u00b0 sesi\u00f3n del Foro de las Naciones Unidas sobre los Bosques (UNFF por sus siglas en ingl\u00e9s), Boris Greguska, exhort\u00f3 hoy a todos los pa\u00edses y a todos los interesados a abordar las causas de la deforestaci\u00f3n y la degradaci\u00f3n forestal, a la vez que [&hellip;]<\/p>\n","protected":false},"author":3,"featured_media":0,"comment_status":"open","ping_status":"open","sticky":false,"template":"","format":"standard","meta":{"footnotes":""},"categories":[19],"tags":[],"class_list":["post-32503","post","type-post","status-publish","format-standard","hentry","category-mi-voz"],"_links":{"self":[{"href":"https:\/\/diariodominicano.com\/index.php?rest_route=\/wp\/v2\/posts\/32503","targetHints":{"allow":["GET"]}}],"collection":[{"href":"https:\/\/diariodominicano.com\/index.php?rest_route=\/wp\/v2\/posts"}],"about":[{"href":"https:\/\/diariodominicano.com\/index.php?rest_route=\/wp\/v2\/types\/post"}],"author":[{"embeddable":true,"href":"https:\/\/diariodominicano.com\/index.php?rest_route=\/wp\/v2\/users\/3"}],"replies":[{"embeddable":true,"href":"https:\/\/diariodominicano.com\/index.php?rest_route=%2Fwp%2Fv2%2Fcomments&post=32503"}],"version-history":[{"count":0,"href":"https:\/\/diariodominicano.com\/index.php?rest_route=\/wp\/v2\/posts\/32503\/revisions"}],"wp:attachment":[{"href":"https:\/\/diariodominicano.com\/index.php?rest_route=%2Fwp%2Fv2%2Fmedia&parent=32503"}],"wp:term":[{"taxonomy":"category","embeddable":true,"href":"https:\/\/diariodominicano.com\/index.php?rest_route=%2Fwp%2Fv2%2Fcategories&post=32503"},{"taxonomy":"post_tag","embeddable":true,"href":"https:\/\/diariodominicano.com\/index.php?rest_route=%2Fwp%2Fv2%2Ftags&post=32503"}],"curies":[{"name":"wp","href":"https:\/\/api.w.org\/{rel}","templated":true}]}}