{"id":325024,"date":"2022-01-18T23:00:29","date_gmt":"2022-01-19T03:00:29","guid":{"rendered":"http:\/\/diariodominicano.com\/?p=325024"},"modified":"2022-01-18T23:00:29","modified_gmt":"2022-01-19T03:00:29","slug":"fallecio-el-historiador-jose-gabriel-garcia","status":"publish","type":"post","link":"https:\/\/diariodominicano.com\/?p=325024","title":{"rendered":"Falleci\u00f3 el historiador Jos\u00e9 Gabriel Garc\u00eda"},"content":{"rendered":"\n<p>Por H\u00e9ctor Tineo Nolasco<\/p>\n\n\n\n<p>Diariodominicano.com<\/p>\n\n\n\n<p>\u00a0 SANTO DOMINGO, el \u00a019 de enero de 1910, muri\u00f3 en la ciudad de Santo Domingo,\u00a0 el historiador Jos\u00e9 Gabriel Garc\u00eda.\u00a0 Se destac\u00f3 adem\u00e1s \u00a0como militar, periodista y publicista.<\/p>\n\n\n\n<p>Garc\u00eda es el autor de Compendio de la&nbsp; Historia de Santo Domingo en cuatro tomos y es considerado como el padre de la historia dominicana. Tuvo la oportunidad de ser testigo y protagonista de una parte &nbsp;de los hechos que trata en su obra.<\/p>\n\n\n\n<p>&nbsp;&nbsp;&nbsp; &nbsp;&nbsp;&nbsp;&nbsp;&nbsp; Fue miembro del Congreso Nacional, y en a\u00f1o 1861, apoy\u00f3 la decisi\u00f3n del Presidente Pedro Santana de anexar Rep\u00fablica Dominicana &nbsp;a Espa\u00f1a.<\/p>\n\n\n\n<p>&nbsp;&nbsp;&nbsp; &nbsp;&nbsp;&nbsp;&nbsp;&nbsp; En el a\u00f1o 1865, en el Gobierno de Jos\u00e9 Mar\u00eda Cabral, ocup\u00f3 el cargo de Ministro de Justicia e Instrucci\u00f3n P\u00fablica.<\/p>\n\n\n\n<p>&nbsp;&nbsp; &nbsp;&nbsp;&nbsp;&nbsp;&nbsp;&nbsp; Jos\u00e9 Gabriel Garc\u00eda hab\u00eda nacido en la ciudad de Santo Domingo, el 13 de enero de 1834, en la calle \u201cDel Tapado\u201d, hoy&nbsp; 19 de Marzo, de la ciudad de Santo Domingo, hijo de In\u00e9s R Garc\u00eda.<\/p>\n\n\n\n<p>&nbsp;&nbsp;&nbsp; &nbsp;&nbsp;&nbsp;&nbsp;&nbsp; Jos\u00e9 Gabriel Garc\u00eda es el autor de Compendio de la&nbsp; Historia de Santo Domingo en cuatro tomos, y es considerado como el \u201cPadre de la Historia&nbsp; dominicana\u201d.&nbsp; Entre sus obras tambi\u00e9n se destacan: \u201cColecci\u00f3n de los tratados internacionales celebrados por la Rep\u00fablica Dominicana desde su creaci\u00f3n hasta nuestros d\u00edas\u201d (1867); \u201cBreve refutaci\u00f3n del informe de los Comisionados de Santo Domingo. Dedicado al pueblo de los Estados Unidos (1871)\u201d; y \u201cRasgos biogr\u00e1ficos de dominicanos c\u00e9lebres\u201d (1875).<\/p>\n\n\n\n<p>Tambi\u00e9n public\u00f3 \u201cMemorias para la historia de Quisqueya&nbsp; de la antigua parte espa\u00f1ola de Santo Domingo desde el descubrimiento de la isla hasta la constituci\u00f3n de la Rep\u00fablica\u201d (1875); \u201cPartes oficiales de las operaciones militares realizadas durante la guerra dom\u00ednico-haitiana\u201d (1888).<\/p>\n\n\n\n<p>Desempe\u00f1\u00f3&nbsp; cargos p\u00fablicos durante la segunda mitad del siglo XIX. Entre otras funciones se&nbsp; desempe\u00f1\u00f3&nbsp; como fueron ministro de Justicia e Instrucci\u00f3n P\u00fablica; y asesor de la Junta Ejecutiva presidida por Jos\u00e9 Mar\u00eda Cabral \u20131865\u2013; consejero del Triunvirato \u20131866\u2013; presidente de la Convenci\u00f3n Nacional \u20131866 y 1867\u2013; diputado al Congreso Nacional \u20131874\u2013; y presidente de la Comisi\u00f3n Nacionalizadora de la Pen\u00ednsula y Bah\u00eda de Saman\u00e1 \u20131874.<\/p>\n","protected":false},"excerpt":{"rendered":"<p>Por H\u00e9ctor Tineo Nolasco Diariodominicano.com \u00a0 SANTO DOMINGO, el \u00a019 de enero de 1910, muri\u00f3 en la ciudad de Santo Domingo,\u00a0 el historiador Jos\u00e9 Gabriel Garc\u00eda.\u00a0 Se destac\u00f3 adem\u00e1s \u00a0como militar, periodista y publicista. Garc\u00eda es el autor de Compendio de la&nbsp; Historia de Santo Domingo en cuatro tomos y es considerado como el padre [&hellip;]<\/p>\n","protected":false},"author":28,"featured_media":325025,"comment_status":"closed","ping_status":"","sticky":true,"template":"","format":"standard","meta":{"footnotes":""},"categories":[26,27],"tags":[],"class_list":["post-325024","post","type-post","status-publish","format-standard","has-post-thumbnail","hentry","category-efemerides","category-portada"],"_links":{"self":[{"href":"https:\/\/diariodominicano.com\/index.php?rest_route=\/wp\/v2\/posts\/325024","targetHints":{"allow":["GET"]}}],"collection":[{"href":"https:\/\/diariodominicano.com\/index.php?rest_route=\/wp\/v2\/posts"}],"about":[{"href":"https:\/\/diariodominicano.com\/index.php?rest_route=\/wp\/v2\/types\/post"}],"author":[{"embeddable":true,"href":"https:\/\/diariodominicano.com\/index.php?rest_route=\/wp\/v2\/users\/28"}],"replies":[{"embeddable":true,"href":"https:\/\/diariodominicano.com\/index.php?rest_route=%2Fwp%2Fv2%2Fcomments&post=325024"}],"version-history":[{"count":1,"href":"https:\/\/diariodominicano.com\/index.php?rest_route=\/wp\/v2\/posts\/325024\/revisions"}],"predecessor-version":[{"id":325026,"href":"https:\/\/diariodominicano.com\/index.php?rest_route=\/wp\/v2\/posts\/325024\/revisions\/325026"}],"wp:featuredmedia":[{"embeddable":true,"href":"https:\/\/diariodominicano.com\/index.php?rest_route=\/wp\/v2\/media\/325025"}],"wp:attachment":[{"href":"https:\/\/diariodominicano.com\/index.php?rest_route=%2Fwp%2Fv2%2Fmedia&parent=325024"}],"wp:term":[{"taxonomy":"category","embeddable":true,"href":"https:\/\/diariodominicano.com\/index.php?rest_route=%2Fwp%2Fv2%2Fcategories&post=325024"},{"taxonomy":"post_tag","embeddable":true,"href":"https:\/\/diariodominicano.com\/index.php?rest_route=%2Fwp%2Fv2%2Ftags&post=325024"}],"curies":[{"name":"wp","href":"https:\/\/api.w.org\/{rel}","templated":true}]}}