{"id":325016,"date":"2022-01-18T22:48:10","date_gmt":"2022-01-19T02:48:10","guid":{"rendered":"http:\/\/diariodominicano.com\/?p=325016"},"modified":"2022-01-18T22:48:10","modified_gmt":"2022-01-19T02:48:10","slug":"otorgan-a-luis-colon-alguacilazgo-de-santo-domingo","status":"publish","type":"post","link":"https:\/\/diariodominicano.com\/?p=325016","title":{"rendered":"Otorgan a Luis Col\u00f3n Alguacilazgo de Santo Domingo"},"content":{"rendered":"\n<p>Por HTN<\/p>\n\n\n\n<p>Diariodominicano.com<\/p>\n\n\n\n<p>SANTO DOMINGO, el 19 de enero de 1537, en virtud de una C\u00e9dula Real, la monarqu\u00eda de Espa\u00f1a concedi\u00f3 a Luis Col\u00f3n, hijo del Almirante Crist\u00f3bal Col\u00f3n, el Alguacilazgo de todas las villas y ciudades de laEspa\u00f1ola.<\/p>\n\n\n\n<p>&nbsp;&nbsp; &nbsp;&nbsp;&nbsp;&nbsp;&nbsp;&nbsp; Le concedi\u00f3 la Merced de la isla de Jamaica, con el t\u00edtulo de Marqu\u00e9s de La Vega.<\/p>\n\n\n\n<p>&nbsp;&nbsp; &nbsp;&nbsp;&nbsp;&nbsp;&nbsp;&nbsp; Crist\u00f3bal Col\u00f3n encabez\u00f3 la primera comitiva europea que lleg\u00f3 al Continente Americano, el 12 de octubre de 1492. A la isla de Santo Domingo, lleg\u00f3 el d\u00eda 5 de diciembre de 1492.<\/p>\n\n\n\n<p>&nbsp;&nbsp;&nbsp; &nbsp;&nbsp;&nbsp;&nbsp;&nbsp; Col\u00f3n falleci\u00f3 en Valladolid, el 20 de mayo de 1506. Las concesiones a Luis Col\u00f3n, fue en reconocimiento de parte de los compromisos que hab\u00eda convenido la monarqu\u00eda con su padre.<\/p>\n","protected":false},"excerpt":{"rendered":"<p>Por HTN Diariodominicano.com SANTO DOMINGO, el 19 de enero de 1537, en virtud de una C\u00e9dula Real, la monarqu\u00eda de Espa\u00f1a concedi\u00f3 a Luis Col\u00f3n, hijo del Almirante Crist\u00f3bal Col\u00f3n, el Alguacilazgo de todas las villas y ciudades de laEspa\u00f1ola. &nbsp;&nbsp; &nbsp;&nbsp;&nbsp;&nbsp;&nbsp;&nbsp; Le concedi\u00f3 la Merced de la isla de Jamaica, con el t\u00edtulo de [&hellip;]<\/p>\n","protected":false},"author":28,"featured_media":0,"comment_status":"closed","ping_status":"","sticky":true,"template":"","format":"standard","meta":{"footnotes":""},"categories":[26,27],"tags":[],"class_list":["post-325016","post","type-post","status-publish","format-standard","hentry","category-efemerides","category-portada"],"_links":{"self":[{"href":"https:\/\/diariodominicano.com\/index.php?rest_route=\/wp\/v2\/posts\/325016","targetHints":{"allow":["GET"]}}],"collection":[{"href":"https:\/\/diariodominicano.com\/index.php?rest_route=\/wp\/v2\/posts"}],"about":[{"href":"https:\/\/diariodominicano.com\/index.php?rest_route=\/wp\/v2\/types\/post"}],"author":[{"embeddable":true,"href":"https:\/\/diariodominicano.com\/index.php?rest_route=\/wp\/v2\/users\/28"}],"replies":[{"embeddable":true,"href":"https:\/\/diariodominicano.com\/index.php?rest_route=%2Fwp%2Fv2%2Fcomments&post=325016"}],"version-history":[{"count":1,"href":"https:\/\/diariodominicano.com\/index.php?rest_route=\/wp\/v2\/posts\/325016\/revisions"}],"predecessor-version":[{"id":325017,"href":"https:\/\/diariodominicano.com\/index.php?rest_route=\/wp\/v2\/posts\/325016\/revisions\/325017"}],"wp:attachment":[{"href":"https:\/\/diariodominicano.com\/index.php?rest_route=%2Fwp%2Fv2%2Fmedia&parent=325016"}],"wp:term":[{"taxonomy":"category","embeddable":true,"href":"https:\/\/diariodominicano.com\/index.php?rest_route=%2Fwp%2Fv2%2Fcategories&post=325016"},{"taxonomy":"post_tag","embeddable":true,"href":"https:\/\/diariodominicano.com\/index.php?rest_route=%2Fwp%2Fv2%2Ftags&post=325016"}],"curies":[{"name":"wp","href":"https:\/\/api.w.org\/{rel}","templated":true}]}}