{"id":32501,"date":"2019-05-09T23:26:22","date_gmt":"2019-05-09T23:26:22","guid":{"rendered":"http:\/\/diariodominicano.ddns.net\/?p=32501"},"modified":"2019-05-09T23:26:22","modified_gmt":"2019-05-09T23:26:22","slug":"margarita-cedeno-pide-freno-del-machismo-y-relaciones-controladoras","status":"publish","type":"post","link":"https:\/\/diariodominicano.com\/?p=32501","title":{"rendered":"Margarita Cede\u00f1o pide freno del machismo y relaciones controladoras"},"content":{"rendered":"<p><body><\/p>\n<p><img decoding=\"async\" src=\"img3\/Foto 1 (59).jpg\" \/><br \/><img decoding=\"async\" src=\"img3\/Foto 2 (54).jpg\" \/><br \/><img decoding=\"async\" src=\"img3\/Foto 3 (46).jpg\" \/>  <\/p>\n<\/p>\n<\/p>\n<p><span class=\"text1noticias\">Hizo el llamado durante un encuentro organizado por la Vicepresidencia de la Rep\u00fablica con el objetivo de contribuir al cambio de creencias y comportamientos que representan factores de riesgo para la sana convivencia en el hogar<\/span><\/p>\n<\/p>\n<p><strong><span class=\"text1noticias\">SANTIAGO, 9 de mayo del 2019.<\/span><\/strong><span class=\"text1noticias\">&#8211; La vicepresidenta de la Rep\u00fablica, doctora Margarita Cede\u00f1o, llam\u00f3 a poner fin al machismo y a las relaciones controladoras que tantas muertes de mujeres traen al pa\u00eds, y dar paso a matrimonios, uniones y noviazgos sanos, basados en el respeto mutuo y la comunicaci\u00f3n.<\/span><\/p>\n<\/p>\n<p><span class=\"text1noticias\">\u00abAy\u00fadennos a todos nosotros los que estamos aqu\u00ed comprometidos con que en Rep\u00fablica Dominicana podamos tener amor del bueno, que en Rep\u00fablica Dominicana aprendamos ese nuevo tipo de relaci\u00f3n que debe surgir entre hombres y mujeres, para que cada vez m\u00e1s podamos tener m\u00e1s vida, m\u00e1s esperanza, m\u00e1s uni\u00f3n y m\u00e1s paz. Cero muerte, cero violencia, cero machismo en Rep\u00fablica Dominicana\u00bb, proclam\u00f3 la Vicemandataria, al participar en el Segundo Foro de Cultura Ciudadana \u00abRelaciones de Parejas en el Siglo 21\u00bb, organizado por la Vicepresidencia, a trav\u00e9s del proyecto Cultura Ciudadana.<\/span><\/p>\n<\/p>\n<p><span class=\"text1noticias\">El ponente principal del encuentro, que tuvo el objetivo de brindar herramientas a personas o entidades que trabajan en favor de la erradicaci\u00f3n de la violencia de pareja, fue el destacado psic\u00f3logo y conferencista espa\u00f1ol Manuel de Juan Espinosa, quien analiz\u00f3 la relaci\u00f3n que existe entre el amor y los compuestos bioqu\u00edmicos del cerebro, resaltando que los principales elementos del amor son el deseo, la pasi\u00f3n y el apego.<\/span><\/p>\n<\/p>\n<p><span class=\"text1noticias\">En la actividad se abordaron las necesidades de cambio en las relaciones afectivas ante la igualdad de g\u00e9nero y se aport\u00f3 informaci\u00f3n clara y precisa sobre din\u00e1micas que permitan fomentar v\u00ednculos sanos y funcionales. De igual modo, se hizo frente a las diferentes problem\u00e1ticas de violencia y las falsas creencias que a\u00fan persisten en la actualidad acerca del amor.<\/span><\/p>\n<\/p>\n<p><span class=\"text1noticias\">Dentro del foro, realizado en el Teatro Universitario de la Pontificia Universidad Cat\u00f3lica Madre y Maestra (PUCMM), campus Santiago, se desarroll\u00f3 un conversatorio a cargo de la destacada psic\u00f3loga,  terapeuta y consultora del Departamento de Psicolog\u00eda de Cultura Ciudadana, Ana Sim\u00f3, y el conferencista invitado.  <\/span><\/p>\n<\/p>\n<p><span class=\"text1noticias\">Sim\u00f3 destac\u00f3 el impacto que tiene el proyecto Cultura Ciudadana, el que seg\u00fan dijo ha servido para sensibilizar a m\u00e1s de 14 mil ciudadanos en cuanto a los comportamientos controladores que en inicio parecen inofensivos pero que pueden desencadenar en violencia, la forma de actuar ante la ocurrencia y d\u00f3nde recurrir ante los primeros signos de violencia en una relaci\u00f3n.<\/span><\/p>\n<\/p>\n<p><span class=\"text1noticias\">El evento forma parte de las iniciativas implementadas por la doctora Margarita Cede\u00f1o desde el proyecto Cultura Ciudadana, con el cual persigue cambiar creencias y comportamientos que representen factores de riesgo para la buena convivencia en el hogar; adem\u00e1s, promover una adecuada intervenci\u00f3n profesional para llevar mensajes que promuevan la masculinidad positiva y los buenos tratos, a fin de lograr m\u00e1s y mejores relaciones sanas y la construcci\u00f3n de una sociedad de igualdad y respeto.  <\/span><\/p>\n<\/p>\n<p><span class=\"text1noticias\">En la l\u00ednea de honor estaban, adem\u00e1s de los mencionados, la directora del proyecto Cultura Ciudadana, Rhina Fortuna; y Balneris Rodr\u00edguez, directora de la Escuela de Negocios de la PUCMM.<\/span><\/p>\n<\/p>\n<p><span class=\"text1noticias\">Lectura, arte y reciclaje<\/span><\/p>\n<\/p>\n<p><span class=\"text1noticias\">La doctora Margarita Cede\u00f1o tambi\u00e9n se reuni\u00f3 con los ganadores del concurso Botellas Literarias e hizo un recorrido por la exposici\u00f3n de las obras de arte que crearon con materiales reciclados tres mil estudiantes de centros educativos p\u00fablicos y privados de Santiago, usando como inspiraci\u00f3n los cuentos del poeta y escritor Virgilio D\u00edaz Grull\u00f3n, considerado como uno de los mejores exponentes de la literatura dominicana en ese g\u00e9nero.<\/span><\/p>\n<\/p>\n<p><span class=\"text1noticias\">Adem\u00e1s visit\u00f3, junto al alcalde de Santiago, Abel Mart\u00ednez, los murales que el Ayuntamiento de esa ciudad ha auspiciado para embellecer y llenar de arte e inspiraci\u00f3n distintas calles de la ciudad coraz\u00f3n. Abel Mart\u00ednez mostr\u00f3 a Margarita Cede\u00f1o las impresionantes pinturas de la calle Doctor Eldon, del sector Los Pepines.<\/span><\/p>\n<\/p>\n<p><strong><span class=\"text1noticias\">Sobre el foro<\/span><\/strong><\/p>\n<\/p>\n<p><span class=\"text1noticias\">Es debido a los altos niveles de violencia que cada d\u00eda se reportan en el pa\u00eds que se hace necesaria la creaci\u00f3n de espacios como estos, donde profesionales de la salud mental puedan exponer nuevas alternativas de abordaje ante estas situaciones, teniendo como objetivo brindar herramientas a aquellos que realizan alg\u00fan trabajo en la erradicaci\u00f3n de la violencia.<\/span><\/p>\n<\/p>\n<p><span class=\"text1noticias\">El Foro de Cultura Ciudadana \u00abRelaciones de parejas en el Siglo 21\u00bb es el segundo en su tipo de cuatro que pretende la Vicepresidencia realizar durante este a\u00f1o, en Gran Santo Domingo, Santiago, San Juan de la Maguana y La Romana.<\/span><\/p>\n<\/p>\n<p><span class=\"text1noticias\">En el primer Foro Multidisciplinario realizado el pasado mes de marzo, Cultura Ciudadana dio una mira a los mensajes publicitarios cuyos contenidos promueven la cultura de paz y la construcci\u00f3n de una mejor ciudadan\u00eda.<\/span><\/p>\n<p><span class=\"text1noticias\"><strong>Sobre el conferencista<\/strong><\/span><\/p>\n<\/p>\n<p><span class=\"text1noticias\">El profesor Manuel de Juan Espinosa naci\u00f3 en C\u00e1diz en 1953, cri\u00e1ndose entre esta ciudad y Elche (Alicante) hasta 1970, fecha en la que se traslada definitivamente a Madrid. Curs\u00f3 sus estudios universitarios en la Universidad Complutense de Madrid, entre 1971 y 1976, donde tambi\u00e9n obtuvo el t\u00edtulo de doctor en 1980.<\/span><\/p>\n<\/p>\n<p><span class=\"text1noticias\">En la actualidad es catedr\u00e1tico de la Facultad de Psicolog\u00eda de la Universidad Aut\u00f3noma de Madrid (UAM) desde el 2006, y director de la Escuela de Inteligencia Econ\u00f3mica (La_SEI) de la referida casa de altos estudios. Autor de m\u00e1s de 100 publicaciones tanto nacionales como internacionales, entre las que se destacan \u00abGeograf\u00eda de la Inteligencia Humana\u00bb y \u00abNuestra Personalidad: en qu\u00e9 y por qu\u00e9 somos diferentes\u00bb. Ha participado en m\u00e1s de 20 proyectos competitivos de investigaciones y dirigido 18 tesis doctorales, algunas con menci\u00f3n europea.<\/span><\/p>\n<\/p>\n<p><span class=\"text1noticias\">Sus principales l\u00edneas de investigaci\u00f3n se han centrado en el terreno de la discapacidad intelectual, la inteligencia humana y el procesamiento de la informaci\u00f3n, el crimen organizado y, sobre todo, la violencia de g\u00e9nero.(Prensa Vicepresidencia)<\/span><\/p>\n<\/p>\n<\/p>\n<\/p>\n<h6> 2019-05-09 23:26:22 <\/h6>\n<p><!--\n<link rel=\"stylesheet\" href=\"css\/bootstrap.min.css\">\n\n\n<ul class=\"pagination\">\n\t    \n\t\n\n<li >\n\t<a href='?page_no=1373'>Previous<\/a>\n\t<\/li>\n\n\n       \n    \n\n<li><a href='?page_no=1'>1<\/a><\/li>\n\n\n\n<li><a href='?page_no=2'>2<\/a><\/li>\n\n\n\n<li><a>...<\/a><\/li>\n\n\n\n<li><a href='?page_no=1372'>1372<\/a><\/li>\n\n\n\n<li><a href='?page_no=1373'>1373<\/a><\/li>\n\n\n\n<li class='active'><a>1374<\/a><\/li>\n\n\n\n<li><a href='?page_no=1375'>1375<\/a><\/li>\n\n\n\n<li><a href='?page_no=1376'>1376<\/a><\/li>\n\n\n\n<li><a>...<\/a><\/li>\n\n\n\n<li><a href='?page_no=1549'>1549<\/a><\/li>\n\n\n\n<li><a href='?page_no=1550'>1550<\/a><\/li>\n\n    \n\t\n\n<li >\n\t<a href='?page_no=1375'>Next<\/a>\n\t<\/li>\n\n\n    \n\n<li><a href='?page_no=1550'>Last &rsaquo;&rsaquo;<\/a><\/li>\n\n<\/ul>\n\n\n--><br \/>\n<\/body><\/p>\n","protected":false},"excerpt":{"rendered":"<p>Hizo el llamado durante un encuentro organizado por la Vicepresidencia de la Rep\u00fablica con el objetivo de contribuir al cambio de creencias y comportamientos que representan factores de riesgo para la sana convivencia en el hogar SANTIAGO, 9 de mayo del 2019.&#8211; La vicepresidenta de la Rep\u00fablica, doctora Margarita Cede\u00f1o, llam\u00f3 a poner fin al [&hellip;]<\/p>\n","protected":false},"author":3,"featured_media":0,"comment_status":"open","ping_status":"open","sticky":false,"template":"","format":"standard","meta":{"footnotes":""},"categories":[19],"tags":[],"class_list":["post-32501","post","type-post","status-publish","format-standard","hentry","category-mi-voz"],"_links":{"self":[{"href":"https:\/\/diariodominicano.com\/index.php?rest_route=\/wp\/v2\/posts\/32501","targetHints":{"allow":["GET"]}}],"collection":[{"href":"https:\/\/diariodominicano.com\/index.php?rest_route=\/wp\/v2\/posts"}],"about":[{"href":"https:\/\/diariodominicano.com\/index.php?rest_route=\/wp\/v2\/types\/post"}],"author":[{"embeddable":true,"href":"https:\/\/diariodominicano.com\/index.php?rest_route=\/wp\/v2\/users\/3"}],"replies":[{"embeddable":true,"href":"https:\/\/diariodominicano.com\/index.php?rest_route=%2Fwp%2Fv2%2Fcomments&post=32501"}],"version-history":[{"count":0,"href":"https:\/\/diariodominicano.com\/index.php?rest_route=\/wp\/v2\/posts\/32501\/revisions"}],"wp:attachment":[{"href":"https:\/\/diariodominicano.com\/index.php?rest_route=%2Fwp%2Fv2%2Fmedia&parent=32501"}],"wp:term":[{"taxonomy":"category","embeddable":true,"href":"https:\/\/diariodominicano.com\/index.php?rest_route=%2Fwp%2Fv2%2Fcategories&post=32501"},{"taxonomy":"post_tag","embeddable":true,"href":"https:\/\/diariodominicano.com\/index.php?rest_route=%2Fwp%2Fv2%2Ftags&post=32501"}],"curies":[{"name":"wp","href":"https:\/\/api.w.org\/{rel}","templated":true}]}}