{"id":324977,"date":"2022-01-18T21:12:35","date_gmt":"2022-01-19T01:12:35","guid":{"rendered":"http:\/\/diariodominicano.com\/?p=324977"},"modified":"2022-01-18T21:12:51","modified_gmt":"2022-01-19T01:12:51","slug":"gerardo-montero-vuelve-a-presidir-asociacion-de-boxeo-del-distrito-nacional","status":"publish","type":"post","link":"https:\/\/diariodominicano.com\/?p=324977","title":{"rendered":"Gerardo Montero vuelve a presidir Asociaci\u00f3n de Boxeo del Distrito Nacional"},"content":{"rendered":"\n<p><\/p>\n\n\n\n<p>Santo Domingo, RD.- El deportista Gerardo Montero fue electo presidente de la Asociaci\u00f3n de Boxeo del Distrito Nacional en el marco de una asamblea eleccionaria celebrada en el Coliseo Carlos \u201cTeo\u201d Cruz.<\/p>\n\n\n\n<p>Montero encabez\u00f3 la plancha F\u00e9lix D\u00edaz, la que result\u00f3 ganadora con el voto un\u00e1nime de los 13 delegados, represemtantes de igual n\u00famero de clubes, que estuvieron presentes.<\/p>\n\n\n\n<p>El nuevo comit\u00e9 ejecutivo que dirigir\u00e1 los destinos de la Asociaci\u00f3n distrital por los pr\u00f3ximos dos a\u00f1os, adem\u00e1s de Montero Ram\u00edrez, quien la preside, lo completan Juan Fernando Santana, como vicepresidente; Yohanan Smith Arias, secretaria general; Ronald Alexander de la Rosa, tesorero; Juan Bautista Felipe Jim\u00e9nez, secretario de organizaci\u00f3n; Roalby Octavio Acosta Ram\u00edrez, vocal; Ram\u00f3n Gil, vocal.<\/p>\n\n\n\n<p>La comisi\u00f3n electoral estuvo conformada por Roberto Ram\u00edrez, \u00c1ngel Rivas y Juan Valdez, as\u00ed como Primitivo Cadete, en representaci\u00f3n de la Federaci\u00f3n Dominicana de Boxeo, quien estuvo a su cargo juramentar a los directivos electos.<\/p>\n\n\n\n<p>De los clubes con derecho al voto asistieron a la Asamblea un total de 13 y dos de los ausentes llegaron tarde, desp\u00faes de finalizada la asamblea, por lo que no pudieron participar.<\/p>\n\n\n\n<p>Montero es un veterano dirigente, que ha sido miembro del comit\u00e9 ejecutivo de la Federaci\u00f3n de Boxeo y, adem\u00e1s, presidi\u00f3 en varias oportunidades a la asociaci\u00f3n del Distrito Nacional.<\/p>\n\n\n\n<p>Ha sido uno de los \u00e1rbitros de la Rep\u00fablica Dominicana m\u00e1s calificado a nivel internacional. El \u00fanico quisqueyano en arbitrar en la final del torneo de boxeo de los Juegos Ol\u00edmpicos.<\/p>\n\n\n\n<p>Durante el mes de enero, todas las asociaciones de boxeo del pa\u00eds cumplen con un proceso de renovaci\u00f3n de sus directivas, por mandato de sus estatutos y de la Federaci\u00f3n Dominicana de ese deporte, que preside el licenciado Rub\u00e9n Garc\u00eda.<\/p>\n\n\n\n<p>Montero sustituye en la presidencia de la Asociaci\u00f3n al periodista H\u00e9ctor Garc\u00eda, quien previamente hab\u00eda presentado enuncia y reemplazado por entonces vicepresidente, M\u00e1ximo Cordero, quien hizo entrega de las llaves de las oficinas a los nuevos directivos.<\/p>\n\n\n\n<p><strong>PIE DE FOTO:<\/strong><\/p>\n\n\n\n<p>Primitivo Cadete, miembro del comit\u00e9 ejecutivo de la Federaci\u00f3n Dominicana de Boxeo, toma el juramento a Gerardo Montero y los dem\u00e1s miembros electos al ejecutivo de la Asociaci\u00f3n de Boxeo del Distrito Nacional.<\/p>\n","protected":false},"excerpt":{"rendered":"<p>Santo Domingo, RD.- El deportista Gerardo Montero fue electo presidente de la Asociaci\u00f3n de Boxeo del Distrito Nacional en el marco de una asamblea eleccionaria celebrada en el Coliseo Carlos \u201cTeo\u201d Cruz. Montero encabez\u00f3 la plancha F\u00e9lix D\u00edaz, la que result\u00f3 ganadora con el voto un\u00e1nime de los 13 delegados, represemtantes de igual n\u00famero de [&hellip;]<\/p>\n","protected":false},"author":28,"featured_media":324978,"comment_status":"closed","ping_status":"","sticky":true,"template":"","format":"standard","meta":{"footnotes":""},"categories":[17,27],"tags":[],"class_list":["post-324977","post","type-post","status-publish","format-standard","has-post-thumbnail","hentry","category-deportes","category-portada"],"_links":{"self":[{"href":"https:\/\/diariodominicano.com\/index.php?rest_route=\/wp\/v2\/posts\/324977","targetHints":{"allow":["GET"]}}],"collection":[{"href":"https:\/\/diariodominicano.com\/index.php?rest_route=\/wp\/v2\/posts"}],"about":[{"href":"https:\/\/diariodominicano.com\/index.php?rest_route=\/wp\/v2\/types\/post"}],"author":[{"embeddable":true,"href":"https:\/\/diariodominicano.com\/index.php?rest_route=\/wp\/v2\/users\/28"}],"replies":[{"embeddable":true,"href":"https:\/\/diariodominicano.com\/index.php?rest_route=%2Fwp%2Fv2%2Fcomments&post=324977"}],"version-history":[{"count":2,"href":"https:\/\/diariodominicano.com\/index.php?rest_route=\/wp\/v2\/posts\/324977\/revisions"}],"predecessor-version":[{"id":324980,"href":"https:\/\/diariodominicano.com\/index.php?rest_route=\/wp\/v2\/posts\/324977\/revisions\/324980"}],"wp:featuredmedia":[{"embeddable":true,"href":"https:\/\/diariodominicano.com\/index.php?rest_route=\/wp\/v2\/media\/324978"}],"wp:attachment":[{"href":"https:\/\/diariodominicano.com\/index.php?rest_route=%2Fwp%2Fv2%2Fmedia&parent=324977"}],"wp:term":[{"taxonomy":"category","embeddable":true,"href":"https:\/\/diariodominicano.com\/index.php?rest_route=%2Fwp%2Fv2%2Fcategories&post=324977"},{"taxonomy":"post_tag","embeddable":true,"href":"https:\/\/diariodominicano.com\/index.php?rest_route=%2Fwp%2Fv2%2Ftags&post=324977"}],"curies":[{"name":"wp","href":"https:\/\/api.w.org\/{rel}","templated":true}]}}