{"id":324964,"date":"2022-01-18T21:01:52","date_gmt":"2022-01-19T01:01:52","guid":{"rendered":"http:\/\/diariodominicano.com\/?p=324964"},"modified":"2022-01-18T21:01:52","modified_gmt":"2022-01-19T01:01:52","slug":"eligen-americo-cabrera-por-tercera-ocasion-como-presidente-de-la-acds","status":"publish","type":"post","link":"https:\/\/diariodominicano.com\/?p=324964","title":{"rendered":"Eligen Am\u00e9rico Cabrera por tercera Ocasi\u00f3n como presidente de la ACDS"},"content":{"rendered":"\n<p><strong>Por Ezequiel Sosa<\/strong><\/p>\n\n\n\n<p>S<strong>A<\/strong>NTIAGO, RD.-  El destacado periodista deportivo Rafael Am\u00e9rico Cabrera\u00a0 cont\u00f3 el pasado domingo con el casi 80% de la membrec\u00eda de la benem\u00e9rita Asociaci\u00f3n de Cronistas Deportivos de Santiago (ACDS), para ser electo nueva vez como presidente de esa prestigiosa instituci\u00f3n durante el periodo 2022-2024, creando un precedente pese al tiempo de pandemia que vive el mundo.<\/p>\n\n\n\n<figure class=\"wp-block-image size-large\"><img loading=\"lazy\" decoding=\"async\" width=\"576\" height=\"1024\" src=\"https:\/\/diariodominicano.com\/wp-content\/uploads\/2022\/01\/RAFAEL-AMERICO-CABRERA-PRESIDENTE-ELECTO-DE-LA-ACDS-576x1024.jpg\" alt=\"\" class=\"wp-image-324966\" srcset=\"https:\/\/diariodominicano.com\/wp-content\/uploads\/2022\/01\/RAFAEL-AMERICO-CABRERA-PRESIDENTE-ELECTO-DE-LA-ACDS-576x1024.jpg 576w, https:\/\/diariodominicano.com\/wp-content\/uploads\/2022\/01\/RAFAEL-AMERICO-CABRERA-PRESIDENTE-ELECTO-DE-LA-ACDS-169x300.jpg 169w, https:\/\/diariodominicano.com\/wp-content\/uploads\/2022\/01\/RAFAEL-AMERICO-CABRERA-PRESIDENTE-ELECTO-DE-LA-ACDS-768x1365.jpg 768w, https:\/\/diariodominicano.com\/wp-content\/uploads\/2022\/01\/RAFAEL-AMERICO-CABRERA-PRESIDENTE-ELECTO-DE-LA-ACDS-864x1536.jpg 864w, https:\/\/diariodominicano.com\/wp-content\/uploads\/2022\/01\/RAFAEL-AMERICO-CABRERA-PRESIDENTE-ELECTO-DE-LA-ACDS-816x1451.jpg 816w, https:\/\/diariodominicano.com\/wp-content\/uploads\/2022\/01\/RAFAEL-AMERICO-CABRERA-PRESIDENTE-ELECTO-DE-LA-ACDS.jpg 900w\" sizes=\"auto, (max-width: 576px) 100vw, 576px\" \/><\/figure>\n\n\n\n<p>Un total de 78 votos fueron emitidos de 100 acede\u00edstas habilitados que ten\u00edan el derecho al voto, para computar un 78% de los mismos, donde 77 votos favorecieron la plancha encabezada por el licenciado Am\u00e9rico Cabrera, logrando obtener de esa manera un 98.8% de aceptaci\u00f3n por parte de los votantes, donde solo un voto fue registrado en blancos.<\/p>\n\n\n\n<p>Cabrera, quien encabez\u00f3 la plancha \u00fanica bajo el lema \u201cRenovaci\u00f3n y Capacitaci\u00f3n\u201d, fue declarado ganador por la Comisi\u00f3n Electoral presidida por la licenciada Ana Bertha P\u00e9rez, Secretaria General del Colegio Dominicano de Periodistas (CDP) y la licenciada Johanna Benoit, Secretaria General del Sindicato Nacional de Trabajadores de la Prensa, filial Santiago, respectivamente, mientras que el licenciado Pedro Borrell, fungi\u00f3 como el abogado notario de dicho proceso.<\/p>\n\n\n\n<p>El plantel del Comit\u00e9 Ejecutivo para el per\u00edodo 2022-2024 lo completan los cronistas deportivos Pablo Ruviera, vicepresidente, Franklin Peralta, secretario, Freddy Caputo, tesorero, Geraldino Pichardo, como secretario de acta y correspondencia, mientras que Edwin Castillo ser\u00e1 el vocal y Mois\u00e9s Pe\u00f1a, encargado de relaciones p\u00fablicas.<\/p>\n\n\n\n<p>La Comisi\u00f3n disciplinaria estar\u00e1 encabezada por el veterano Abel Rojas Helena, como juez presidente, Francisco Santos (Nave), juez secretario, Juan Hilario Guzm\u00e1n Bad\u00eda, secretario, Guillermo saleta, juez vocal y Nicol\u00e1s Alvarez fiscal.<\/p>\n\n\n\n<figure class=\"wp-block-image size-large\"><img loading=\"lazy\" decoding=\"async\" width=\"1024\" height=\"576\" src=\"https:\/\/diariodominicano.com\/wp-content\/uploads\/2022\/01\/PARTE-DE-LOS-ACEDEISTAS-1024x576.jpg\" alt=\"\" class=\"wp-image-324967\" srcset=\"https:\/\/diariodominicano.com\/wp-content\/uploads\/2022\/01\/PARTE-DE-LOS-ACEDEISTAS-1024x576.jpg 1024w, https:\/\/diariodominicano.com\/wp-content\/uploads\/2022\/01\/PARTE-DE-LOS-ACEDEISTAS-300x169.jpg 300w, https:\/\/diariodominicano.com\/wp-content\/uploads\/2022\/01\/PARTE-DE-LOS-ACEDEISTAS-768x432.jpg 768w, https:\/\/diariodominicano.com\/wp-content\/uploads\/2022\/01\/PARTE-DE-LOS-ACEDEISTAS-816x459.jpg 816w, https:\/\/diariodominicano.com\/wp-content\/uploads\/2022\/01\/PARTE-DE-LOS-ACEDEISTAS.jpg 1280w\" sizes=\"auto, (max-width: 1024px) 100vw, 1024px\" \/><\/figure>\n\n\n\n<p>\u201cAgradezco la confianza depositada en nosotros una vez m\u00e1s por la asamblea eleccionaria de la ACDS y esperamos alcanzar las metas previstas para este per\u00edodo, que ser\u00e1 de muchas expectativas para nuestro gremio\u201d, dijo Am\u00e9rico Cabrera al ser proclamado presidente por tercera ocasi\u00f3n de la benem\u00e9rita Asociaci\u00f3n de Cronista Deportivo de Santiago, la cual es valora como una de las mejores del Pa\u00eds.<\/p>\n\n\n\n<p>El comit\u00e9 Ejecutivo electo ser\u00e1 juramentado el jueves 3 de febrero, a las 7:00 de la noche, en un acto especial en el que la ACDS festejar\u00e1&nbsp;su 85 aniversario, teniendo como escenario la Casa-Club Domingo Saint-Hilaire, ubicada en el complejo deportivo de la Barranquita.<\/p>\n\n\n\n<p>La Asociaci\u00f3n de Cronistas Deportivos de Santiago fue fundada el tres de febrero de 1937, raz\u00f3n por la que cumple 85 a\u00f1os el tres de febrero.<\/p>\n\n\n\n<p>La entidad ha gravitado desde su fundaci\u00f3n en el deporte de la ciudad, al punto de ser considerada como uno de los ejes en torno al cual giran las actividades del m\u00fasculo y la mente en la ciudad coraz\u00f3n.<\/p>\n","protected":false},"excerpt":{"rendered":"<p>Por Ezequiel Sosa SANTIAGO, RD.- El destacado periodista deportivo Rafael Am\u00e9rico Cabrera\u00a0 cont\u00f3 el pasado domingo con el casi 80% de la membrec\u00eda de la benem\u00e9rita Asociaci\u00f3n de Cronistas Deportivos de Santiago (ACDS), para ser electo nueva vez como presidente de esa prestigiosa instituci\u00f3n durante el periodo 2022-2024, creando un precedente pese al tiempo de [&hellip;]<\/p>\n","protected":false},"author":28,"featured_media":324965,"comment_status":"closed","ping_status":"","sticky":true,"template":"","format":"standard","meta":{"footnotes":""},"categories":[17,27],"tags":[],"class_list":["post-324964","post","type-post","status-publish","format-standard","has-post-thumbnail","hentry","category-deportes","category-portada"],"_links":{"self":[{"href":"https:\/\/diariodominicano.com\/index.php?rest_route=\/wp\/v2\/posts\/324964","targetHints":{"allow":["GET"]}}],"collection":[{"href":"https:\/\/diariodominicano.com\/index.php?rest_route=\/wp\/v2\/posts"}],"about":[{"href":"https:\/\/diariodominicano.com\/index.php?rest_route=\/wp\/v2\/types\/post"}],"author":[{"embeddable":true,"href":"https:\/\/diariodominicano.com\/index.php?rest_route=\/wp\/v2\/users\/28"}],"replies":[{"embeddable":true,"href":"https:\/\/diariodominicano.com\/index.php?rest_route=%2Fwp%2Fv2%2Fcomments&post=324964"}],"version-history":[{"count":1,"href":"https:\/\/diariodominicano.com\/index.php?rest_route=\/wp\/v2\/posts\/324964\/revisions"}],"predecessor-version":[{"id":324968,"href":"https:\/\/diariodominicano.com\/index.php?rest_route=\/wp\/v2\/posts\/324964\/revisions\/324968"}],"wp:featuredmedia":[{"embeddable":true,"href":"https:\/\/diariodominicano.com\/index.php?rest_route=\/wp\/v2\/media\/324965"}],"wp:attachment":[{"href":"https:\/\/diariodominicano.com\/index.php?rest_route=%2Fwp%2Fv2%2Fmedia&parent=324964"}],"wp:term":[{"taxonomy":"category","embeddable":true,"href":"https:\/\/diariodominicano.com\/index.php?rest_route=%2Fwp%2Fv2%2Fcategories&post=324964"},{"taxonomy":"post_tag","embeddable":true,"href":"https:\/\/diariodominicano.com\/index.php?rest_route=%2Fwp%2Fv2%2Ftags&post=324964"}],"curies":[{"name":"wp","href":"https:\/\/api.w.org\/{rel}","templated":true}]}}