{"id":324888,"date":"2022-01-18T14:05:16","date_gmt":"2022-01-18T18:05:16","guid":{"rendered":"http:\/\/diariodominicano.com\/?p=324888"},"modified":"2022-01-18T14:06:42","modified_gmt":"2022-01-18T18:06:42","slug":"garcia-y-vega-mejores-septima-vuelta-al-lago-empresa-calizamar-entrega-recaudacion-de-150-mil-pesos-a-sociedad-san-vicente-de-paul","status":"publish","type":"post","link":"https:\/\/diariodominicano.com\/?p=324888","title":{"rendered":"Garc\u00eda y Vega, mejores S\u00e9ptima Vuelta al Lago, empresa Calizamar entrega recaudaci\u00f3n de 150 mil pesos a Sociedad San Vicente de Pa\u00fal"},"content":{"rendered":"\n<p> <strong>El director general de la empresa Calizamar, Fruela Roces, hace entrega de 150 mil pesos para la Sociedad San Vicente de Pa\u00fal, de Santiago, reciben las religiosas, sor Edith y sor Mar\u00eda Cecilia, representantes de esa entidad de bien social<\/strong>.<\/p>\n\n\n\n<p><strong>S\u00c1NCHEZ RAM\u00cdRES, Cotu\u00ed, RD, 18 de enero de 2022.-<\/strong>\u00a0Los pedalistas Joel Garc\u00eda, en masculino y Mar\u00eda Vega, en femenino, fueron los m\u00e1s sobresalientes en la s\u00e9ptima edici\u00f3n, La Vuelta al Lago, realizada el pasado domingo, donde el director general de la empresa Calizamar, Fruela Roces, hizo entrega de 150 mil pesos recaudados en las inscripciones a la\u00a0 Sociedad San Vicente de Pa\u00fal, de Santiago.<\/p>\n\n\n\n<p><strong>E<\/strong>n el evento, con salida, llegada y premiaci\u00f3n en la empresa Calizamar, auspiciadora y organizadora de la competencia que rode\u00f3 la presa de Hatillo,<\/p>\n\n\n\n<p>el pedalista, Joel Garc\u00eda (equipo BMC), gan\u00f3 la categor\u00eda open masculina y los premios especiales de monta\u00f1a y meta Volante, llegando luego, Rafel Germ\u00e1n (La Bicicleter\u00eda) y Jeudy Liranzo (Team Salcedo Cargo Express).<\/p>\n\n\n\n<p><strong>L<\/strong>a categor\u00eda femenina fue ganada por, Mar\u00eda Vega (AC Training), seguida por, Mar\u00eda Contreras (Specialized Epic) y Stefania Fiorentino (WS Cycling Lab).<\/p>\n\n\n\n<p><strong>Primeros lugares individuales en las dem\u00e1s categor\u00edas:<\/strong>&nbsp;<strong>Master A1<\/strong>, Marcos Capell\u00e1n (Team Candelier);&nbsp;<strong>master A2<\/strong>, Juan Torres (Team Scott);&nbsp;<strong>master B<\/strong>, Quenil Lluberes (BMC);&nbsp;<strong>master C<\/strong>, Raymond Hern\u00e1ndez (La Bicicleter\u00eda) y&nbsp;<strong>E-Bike<\/strong>, Arnol Bencosme (Team Candelier).<\/p>\n\n\n\n<p><strong>CEREMONIA<\/strong><\/p>\n\n\n\n<p><strong>E<\/strong>n el inicio de la competencia, en la que participaron m\u00e1s de cien pedalistas, el director general de Calizamar, Fruela Roces, hizo entrega a la Sociedad San Vicente de Pa\u00fal, de Santiago, representada por las hermanas religiosa, sor Edith y sor Mar\u00eda Cecilia, de la cantidad recaudada, 150 mil pesos, de las inscripciones de la Vuelta al Lago.<\/p>\n\n\n\n<p><strong>\u201cE<\/strong>sta competici\u00f3n de ciclismo de monta\u00f1a, que busca fomentar y proteger el Medio Ambiente y el ecoturismo, volvi\u00f3 tras dos a\u00f1os y medio de ausencia por la pandemia de Covid-19, como siempre, entregamos la recaudaci\u00f3n de las inscripciones a una instituci\u00f3n de servicio y bien social, esta vez a la Sociedad San Vicente de Pa\u00fal\u201d, dijo entre otras cosas Fruela Roces.<\/p>\n\n\n\n<p><strong>A<\/strong>simismo, se dirigieron a los presentes, los se\u00f1ores, Ricardo de los Santos, senador por la provincia S\u00e1nchez Ram\u00edrez y Favila Roces, gerente de mercadeo de Calizamar, en el evento, dirigido por Jon\u00e1s Vila, tambi\u00e9n participaron los s\u00edndicos de Caballero, Francisco Espino y el de Comedero, Mart\u00edn Rosa.<\/p>\n\n\n\n<p><strong>L<\/strong>a Vuelta al Lago es una competici\u00f3n de ciclismo de monta\u00f1a, tipo marat\u00f3n XCM, con un recorrido de 94 kil\u00f3metros con m\u00e1s de 2,300 metros de ascenso acumulado.<\/p>\n\n\n\n<p>Oscar Polanco<a target=\"_blank\" href=\"mailto:oscarpolanco.santiagord@gmail.com\" rel=\"noreferrer noopener\">oscarpolanco.santiagord@gmail.com<\/a><\/p>\n","protected":false},"excerpt":{"rendered":"<p>El director general de la empresa Calizamar, Fruela Roces, hace entrega de 150 mil pesos para la Sociedad San Vicente de Pa\u00fal, de Santiago, reciben las religiosas, sor Edith y sor Mar\u00eda Cecilia, representantes de esa entidad de bien social. S\u00c1NCHEZ RAM\u00cdRES, Cotu\u00ed, RD, 18 de enero de 2022.-\u00a0Los pedalistas Joel Garc\u00eda, en masculino y [&hellip;]<\/p>\n","protected":false},"author":2,"featured_media":324889,"comment_status":"closed","ping_status":"","sticky":true,"template":"","format":"standard","meta":{"footnotes":""},"categories":[17,27],"tags":[],"class_list":["post-324888","post","type-post","status-publish","format-standard","has-post-thumbnail","hentry","category-deportes","category-portada"],"_links":{"self":[{"href":"https:\/\/diariodominicano.com\/index.php?rest_route=\/wp\/v2\/posts\/324888","targetHints":{"allow":["GET"]}}],"collection":[{"href":"https:\/\/diariodominicano.com\/index.php?rest_route=\/wp\/v2\/posts"}],"about":[{"href":"https:\/\/diariodominicano.com\/index.php?rest_route=\/wp\/v2\/types\/post"}],"author":[{"embeddable":true,"href":"https:\/\/diariodominicano.com\/index.php?rest_route=\/wp\/v2\/users\/2"}],"replies":[{"embeddable":true,"href":"https:\/\/diariodominicano.com\/index.php?rest_route=%2Fwp%2Fv2%2Fcomments&post=324888"}],"version-history":[{"count":2,"href":"https:\/\/diariodominicano.com\/index.php?rest_route=\/wp\/v2\/posts\/324888\/revisions"}],"predecessor-version":[{"id":324891,"href":"https:\/\/diariodominicano.com\/index.php?rest_route=\/wp\/v2\/posts\/324888\/revisions\/324891"}],"wp:featuredmedia":[{"embeddable":true,"href":"https:\/\/diariodominicano.com\/index.php?rest_route=\/wp\/v2\/media\/324889"}],"wp:attachment":[{"href":"https:\/\/diariodominicano.com\/index.php?rest_route=%2Fwp%2Fv2%2Fmedia&parent=324888"}],"wp:term":[{"taxonomy":"category","embeddable":true,"href":"https:\/\/diariodominicano.com\/index.php?rest_route=%2Fwp%2Fv2%2Fcategories&post=324888"},{"taxonomy":"post_tag","embeddable":true,"href":"https:\/\/diariodominicano.com\/index.php?rest_route=%2Fwp%2Fv2%2Ftags&post=324888"}],"curies":[{"name":"wp","href":"https:\/\/api.w.org\/{rel}","templated":true}]}}