{"id":324812,"date":"2022-01-18T08:33:40","date_gmt":"2022-01-18T12:33:40","guid":{"rendered":"http:\/\/diariodominicano.com\/?p=324812"},"modified":"2022-01-18T08:33:40","modified_gmt":"2022-01-18T12:33:40","slug":"ninos-de-china-y-cuba-honran-con-arte-a-juegos-beijing-2022","status":"publish","type":"post","link":"https:\/\/diariodominicano.com\/?p=324812","title":{"rendered":"Ni\u00f1os de China y Cuba honran con arte a Juegos Beijing-2022"},"content":{"rendered":"\n<p>Beijing, 18 ene (Prensa Latina) Ni\u00f1os de China y Cuba se unieron hoy aqu\u00ed para homenajear desde el arte y la cultura a la venidera celebraci\u00f3n de las 24 Olimpiadas y Paralimpiadas de Invierno en Beijing.<\/p>\n\n\n\n<ul class=\"wp-block-list\"><li>enero 18, 2022<\/li><li>CST07:12 (GMT) -0500<\/li><\/ul>\n\n\n\n<p>Los peque\u00f1os estrecharon sus v\u00ednculos mediante una exposici\u00f3n con dibujos dedicados al evento deportivo, que convertir\u00e1 a esta capital en la \u00fanica urbe del mundo en acoger ambas variantes de la cita bajo los cinco aros.<\/p>\n\n\n\n<p>Esa muestra se titula \u201cEncuentro alegre sobre el hielo y la nieve\u201d, tiene por sede el museo Jintai de Beijing e incluye 138 trabajos elaborados por escolares de ambas naciones que reflejaron su visi\u00f3n sobre los juegos.<\/p>\n\n\n\n<p>Por la parte cubana se presentaron 26 obras de estudiantes de la Academia Nacional de Bellas Artes San Alejandro, mientras por la china participaron alumnos de varias primarias y secundarias de la ciudad.<\/p>\n\n\n\n<p>Aparte de la exhibici\u00f3n, peque\u00f1os de los dos pa\u00edses fueron protagonistas de una gala que incluy\u00f3 una pieza de ballet cl\u00e1sico, la declamaci\u00f3n del poema La Bailarina Espa\u00f1ola, m\u00e1s la interpretaci\u00f3n del tema La Guantanamera con los Versos Sencillos de Jos\u00e9 Mart\u00ed y del tema oficial de los Juegos Ol\u00edmpicos.<\/p>\n\n\n\n<p>Representantes de ambos pa\u00edses destacaron el significado de la iniciativa para fomentar el intercambio entre las nuevas generaciones e incentivarlos a ampliar el conocimiento acerca de la cita invernal, as\u00ed como el impacto positivo en el desarrollo de las relaciones bilaterales.<\/p>\n\n\n\n<p>El embajador de la isla aqu\u00ed, Carlos Miguel Pereira, valor\u00f3 la actividad como un ejemplo vivo de lo realizado por Cuba y China para garantizar una educaci\u00f3n integral a los m\u00e1s j\u00f3venes.<\/p>\n\n\n\n<p>Manifest\u00f3 el apoyo, las felicitaciones y los mejores deseos del pueblo cubano al \u00e9xito de Beijing-2022, al augurar que sin dudas har\u00e1 historia.<\/p>\n\n\n\n<p>Anteriormente, infantes del estado antillano participaron en la gala oficial de China para marcar los 200 d\u00edas en el conteo regresivo hacia las Olimpiadas y Paralimpiadas de Invierno y en otra ceremonia donde se develaron los pictogramas.<\/p>\n\n\n\n<p>mem\/ymr<\/p>\n","protected":false},"excerpt":{"rendered":"<p>Beijing, 18 ene (Prensa Latina) Ni\u00f1os de China y Cuba se unieron hoy aqu\u00ed para homenajear desde el arte y la cultura a la venidera celebraci\u00f3n de las 24 Olimpiadas y Paralimpiadas de Invierno en Beijing. enero 18, 2022 CST07:12 (GMT) -0500 Los peque\u00f1os estrecharon sus v\u00ednculos mediante una exposici\u00f3n con dibujos dedicados al evento [&hellip;]<\/p>\n","protected":false},"author":28,"featured_media":0,"comment_status":"closed","ping_status":"","sticky":false,"template":"","format":"standard","meta":{"footnotes":""},"categories":[17],"tags":[],"class_list":["post-324812","post","type-post","status-publish","format-standard","hentry","category-deportes"],"_links":{"self":[{"href":"https:\/\/diariodominicano.com\/index.php?rest_route=\/wp\/v2\/posts\/324812","targetHints":{"allow":["GET"]}}],"collection":[{"href":"https:\/\/diariodominicano.com\/index.php?rest_route=\/wp\/v2\/posts"}],"about":[{"href":"https:\/\/diariodominicano.com\/index.php?rest_route=\/wp\/v2\/types\/post"}],"author":[{"embeddable":true,"href":"https:\/\/diariodominicano.com\/index.php?rest_route=\/wp\/v2\/users\/28"}],"replies":[{"embeddable":true,"href":"https:\/\/diariodominicano.com\/index.php?rest_route=%2Fwp%2Fv2%2Fcomments&post=324812"}],"version-history":[{"count":1,"href":"https:\/\/diariodominicano.com\/index.php?rest_route=\/wp\/v2\/posts\/324812\/revisions"}],"predecessor-version":[{"id":324813,"href":"https:\/\/diariodominicano.com\/index.php?rest_route=\/wp\/v2\/posts\/324812\/revisions\/324813"}],"wp:attachment":[{"href":"https:\/\/diariodominicano.com\/index.php?rest_route=%2Fwp%2Fv2%2Fmedia&parent=324812"}],"wp:term":[{"taxonomy":"category","embeddable":true,"href":"https:\/\/diariodominicano.com\/index.php?rest_route=%2Fwp%2Fv2%2Fcategories&post=324812"},{"taxonomy":"post_tag","embeddable":true,"href":"https:\/\/diariodominicano.com\/index.php?rest_route=%2Fwp%2Fv2%2Ftags&post=324812"}],"curies":[{"name":"wp","href":"https:\/\/api.w.org\/{rel}","templated":true}]}}