{"id":324536,"date":"2022-01-16T23:32:38","date_gmt":"2022-01-17T03:32:38","guid":{"rendered":"http:\/\/diariodominicano.com\/?p=324536"},"modified":"2022-01-16T23:32:38","modified_gmt":"2022-01-17T03:32:38","slug":"colombiano-colon-estrena-camiseta-de-lider-en-vuelta-al-tachira","status":"publish","type":"post","link":"https:\/\/diariodominicano.com\/?p=324536","title":{"rendered":"Colombiano Col\u00f3n estrena camiseta de l\u00edder en Vuelta al T\u00e1chira"},"content":{"rendered":"\n<p>Caracas, 16 ene (Prensa Latina) El colombiano Johan Col\u00f3n estren\u00f3 hoy la camiseta de l\u00edder en la Vuelta Cicl\u00edstica al T\u00e1chira, Venezuela, al ganar la primera etapa disputada sobre 123,9 kil\u00f3metros entre las localidades de T\u00e1riba y San Crist\u00f3bal.<\/p>\n\n\n\n<ul class=\"wp-block-list\"><li>enero 16, 2022<\/li><li>CST18:28 (GMT) -0500<\/li><\/ul>\n\n\n\n<p>Col\u00f3n (Orgullo Paisa) domin\u00f3 el tramo inicial del tradicional giro andino con crono de 2:59:18 horas, escoltado por el serbio Dusan Rajovic (Carrotec Italia) y el venezolano Xavier Quevedo (Fina Arroz-Venezuela Pa\u00eds de Futuro), con el mismo tiempo del ganador.<\/p>\n\n\n\n<p>Tras la adjudicaci\u00f3n de las bonificaciones, el pedalista colombiano pas\u00f3 a comandar la clasificaci\u00f3n general individual con ventaja de cuatro y seis segundos sobre Rajovic y Quevedo, respectivamente.<\/p>\n\n\n\n<p>La edici\u00f3n 57 de la Vuelta Cicl\u00edstica al T\u00e1chira disputar\u00e1 ma\u00f1ana lunes su segunda etapa, pactada para 167,9 kil\u00f3metros entre la Hacienda Los Almendros y Ciudad Bolivia, estado de Barinas.<\/p>\n\n\n\n<p>El evento cumbre del pedal en Venezuela, categor\u00eda 2.2 de la Uni\u00f3n Ciclista Internacional, concluir\u00e1 el 23 de enero pr\u00f3ximo tras recorrer un aproximado de mil kil\u00f3metros, distribuidos en ocho jornadas.<\/p>\n\n\n\n<p>acl\/wup<\/p>\n","protected":false},"excerpt":{"rendered":"<p>Caracas, 16 ene (Prensa Latina) El colombiano Johan Col\u00f3n estren\u00f3 hoy la camiseta de l\u00edder en la Vuelta Cicl\u00edstica al T\u00e1chira, Venezuela, al ganar la primera etapa disputada sobre 123,9 kil\u00f3metros entre las localidades de T\u00e1riba y San Crist\u00f3bal. enero 16, 2022 CST18:28 (GMT) -0500 Col\u00f3n (Orgullo Paisa) domin\u00f3 el tramo inicial del tradicional giro [&hellip;]<\/p>\n","protected":false},"author":28,"featured_media":324537,"comment_status":"closed","ping_status":"","sticky":false,"template":"","format":"standard","meta":{"footnotes":""},"categories":[17],"tags":[],"class_list":["post-324536","post","type-post","status-publish","format-standard","has-post-thumbnail","hentry","category-deportes"],"_links":{"self":[{"href":"https:\/\/diariodominicano.com\/index.php?rest_route=\/wp\/v2\/posts\/324536","targetHints":{"allow":["GET"]}}],"collection":[{"href":"https:\/\/diariodominicano.com\/index.php?rest_route=\/wp\/v2\/posts"}],"about":[{"href":"https:\/\/diariodominicano.com\/index.php?rest_route=\/wp\/v2\/types\/post"}],"author":[{"embeddable":true,"href":"https:\/\/diariodominicano.com\/index.php?rest_route=\/wp\/v2\/users\/28"}],"replies":[{"embeddable":true,"href":"https:\/\/diariodominicano.com\/index.php?rest_route=%2Fwp%2Fv2%2Fcomments&post=324536"}],"version-history":[{"count":1,"href":"https:\/\/diariodominicano.com\/index.php?rest_route=\/wp\/v2\/posts\/324536\/revisions"}],"predecessor-version":[{"id":324538,"href":"https:\/\/diariodominicano.com\/index.php?rest_route=\/wp\/v2\/posts\/324536\/revisions\/324538"}],"wp:featuredmedia":[{"embeddable":true,"href":"https:\/\/diariodominicano.com\/index.php?rest_route=\/wp\/v2\/media\/324537"}],"wp:attachment":[{"href":"https:\/\/diariodominicano.com\/index.php?rest_route=%2Fwp%2Fv2%2Fmedia&parent=324536"}],"wp:term":[{"taxonomy":"category","embeddable":true,"href":"https:\/\/diariodominicano.com\/index.php?rest_route=%2Fwp%2Fv2%2Fcategories&post=324536"},{"taxonomy":"post_tag","embeddable":true,"href":"https:\/\/diariodominicano.com\/index.php?rest_route=%2Fwp%2Fv2%2Ftags&post=324536"}],"curies":[{"name":"wp","href":"https:\/\/api.w.org\/{rel}","templated":true}]}}