{"id":324348,"date":"2022-01-15T22:58:02","date_gmt":"2022-01-16T02:58:02","guid":{"rendered":"http:\/\/diariodominicano.com\/?p=324348"},"modified":"2022-01-15T22:58:02","modified_gmt":"2022-01-16T02:58:02","slug":"zverev-aboga-por-participacion-de-djokovic-en-abierto-australiano","status":"publish","type":"post","link":"https:\/\/diariodominicano.com\/?p=324348","title":{"rendered":"Zverev aboga por participaci\u00f3n de Djokovic en Abierto australiano"},"content":{"rendered":"\n<p>Melbourne, Australia, 15 ene (Prensa Latiana) El tenista alem\u00e1n Alexander Zverev pidi\u00f3 hoy aqu\u00ed que su hom\u00f3logo serbio Novak Djokovic, hasta ahora inhabilitado por el Gobierno local, participe desde el lunes en el Abierto de Australia.<\/p>\n\n\n\n<ul class=\"wp-block-list\"><li>enero 15, 2022<\/li><li>CST14:31 (GMT) -0500<\/li><\/ul>\n\n\n\n<p>\u00abCreo que no es muy justo que una persona venga y no pueda jugar. El Gobierno de Australia deb\u00eda saber de antemano lo que iba a ocurrir\u00bb, se\u00f1al\u00f3 el germano a la prensa de esta naci\u00f3n.<\/p>\n\n\n\n<p>A Djokovic, n\u00famero uno del mundo y campe\u00f3n defensor del Abierto de Australia, le fue cancelado su visado por haber ingresado al pa\u00eds sin estar vacunado contra el coronavirus SARS-CoV-2, causante de la Covid-19, enfermedad que sufri\u00f3 en diciembre \u00faltimo.<\/p>\n\n\n\n<p>Al respecto, el campe\u00f3n ol\u00edmpico de tenis en Tokio admiti\u00f3 que no tiene los suficientes detalles sobre el problema, pero considera que si Djokovic no fuera el uno del mundo y adem\u00e1s no archivara 20 t\u00edtulos de Grand Slam, la situaci\u00f3n se manejar\u00eda sin tanto drama.<\/p>\n\n\n\n<p>Por esta raz\u00f3n, el \u00eddolo de Belgrado tendr\u00e1 que comparecer ante las autoridades de inmigraci\u00f3n de Australia para aclarar su postura frente a la vacunaci\u00f3n.<\/p>\n\n\n\n<p>En estos momentos el ganador de nueve t\u00edtulos del Abierto de Australia, se encuentra detenido por admitir \u00aberrores humanos\u00bb en su documentaci\u00f3n de viaje, y ma\u00f1ana ser\u00e1 la audiencia definitiva en la que se decidir\u00e1 si sigue o no en este pa\u00eds.<\/p>\n\n\n\n<p>gas\/rws<\/p>\n","protected":false},"excerpt":{"rendered":"<p>Melbourne, Australia, 15 ene (Prensa Latiana) El tenista alem\u00e1n Alexander Zverev pidi\u00f3 hoy aqu\u00ed que su hom\u00f3logo serbio Novak Djokovic, hasta ahora inhabilitado por el Gobierno local, participe desde el lunes en el Abierto de Australia. enero 15, 2022 CST14:31 (GMT) -0500 \u00abCreo que no es muy justo que una persona venga y no pueda [&hellip;]<\/p>\n","protected":false},"author":28,"featured_media":324349,"comment_status":"closed","ping_status":"","sticky":false,"template":"","format":"standard","meta":{"footnotes":""},"categories":[17],"tags":[],"class_list":["post-324348","post","type-post","status-publish","format-standard","has-post-thumbnail","hentry","category-deportes"],"_links":{"self":[{"href":"https:\/\/diariodominicano.com\/index.php?rest_route=\/wp\/v2\/posts\/324348","targetHints":{"allow":["GET"]}}],"collection":[{"href":"https:\/\/diariodominicano.com\/index.php?rest_route=\/wp\/v2\/posts"}],"about":[{"href":"https:\/\/diariodominicano.com\/index.php?rest_route=\/wp\/v2\/types\/post"}],"author":[{"embeddable":true,"href":"https:\/\/diariodominicano.com\/index.php?rest_route=\/wp\/v2\/users\/28"}],"replies":[{"embeddable":true,"href":"https:\/\/diariodominicano.com\/index.php?rest_route=%2Fwp%2Fv2%2Fcomments&post=324348"}],"version-history":[{"count":1,"href":"https:\/\/diariodominicano.com\/index.php?rest_route=\/wp\/v2\/posts\/324348\/revisions"}],"predecessor-version":[{"id":324350,"href":"https:\/\/diariodominicano.com\/index.php?rest_route=\/wp\/v2\/posts\/324348\/revisions\/324350"}],"wp:featuredmedia":[{"embeddable":true,"href":"https:\/\/diariodominicano.com\/index.php?rest_route=\/wp\/v2\/media\/324349"}],"wp:attachment":[{"href":"https:\/\/diariodominicano.com\/index.php?rest_route=%2Fwp%2Fv2%2Fmedia&parent=324348"}],"wp:term":[{"taxonomy":"category","embeddable":true,"href":"https:\/\/diariodominicano.com\/index.php?rest_route=%2Fwp%2Fv2%2Fcategories&post=324348"},{"taxonomy":"post_tag","embeddable":true,"href":"https:\/\/diariodominicano.com\/index.php?rest_route=%2Fwp%2Fv2%2Ftags&post=324348"}],"curies":[{"name":"wp","href":"https:\/\/api.w.org\/{rel}","templated":true}]}}