{"id":32431,"date":"2019-06-27T11:42:56","date_gmt":"2019-06-27T11:42:56","guid":{"rendered":"http:\/\/diariodominicano.ddns.net\/?p=32431"},"modified":"2019-06-27T11:42:56","modified_gmt":"2019-06-27T11:42:56","slug":"llaman-a-marcha-mundial-en-homenaje-a-lideres-sociales-en-colombia","status":"publish","type":"post","link":"https:\/\/diariodominicano.com\/?p=32431","title":{"rendered":"Llaman a marcha mundial en homenaje a l\u00edderes sociales en Colombia"},"content":{"rendered":"<p><body><\/p>\n<p><img decoding=\"async\" src=\"img3\/marchl.jpg\" \/>  <\/p>\n<p>Bogot\u00e1, 27 jun (Prensa Latina) El Movimiento Defendamos la Paz de Colombia llam\u00f3 hoy a una movilizaci\u00f3n mundial el pr\u00f3ximo 26 de julio para exigir se ponga punto final a los cr\u00edmenes contra l\u00edderes sociales.<\/p>\n<\/p>\n<p>&#8216;Este ba\u00f1o de sangre debe terminar. Es imperativo que se emprendan las acciones necesarias para acabar con estos asesinatos, garantizar la presencia integral de las instituciones del Estado en los territorios y poner en marcha la protecci\u00f3n efectiva de la vida de estas personas&#8217;, plante\u00f3 en un comunicado esa coalici\u00f3n de fuerzas pol\u00edticas y sociales.<\/p>\n<\/p>\n<p>Defendamos la Paz es un bloque plural integrado por exnegociadores del proceso de paz, exministros, exconstituyentes, acad\u00e9micos, congresistas, artistas, juristas y l\u00edderes de partidos pol\u00edticos y de organizaciones sociales y de v\u00edctimas del conflicto armado interno.<\/p>\n<\/p>\n<p>La convocatoria a salir a las calles en Colombia y en el exterior el 26 de julio se hace en medio de la conmoci\u00f3n causada por el asesinato la semana pasada de la l\u00edder social Mar\u00eda del Pilar Hurtado en el municipio de Tierralta, departamento de C\u00f3rdoba, en el norte del pa\u00eds.<\/p>\n<\/p>\n<p>V\u00edctima de desplazamiento forzado al verse obligada a huir de su natal departamento del Cauca por denunciar a narcotraficantes, Hurtado fue revictimizada cuando estando en Tierralta reivindic\u00f3 el derecho a la vivienda.<\/p>\n<\/p>\n<p>En Colombia se hizo viral un estremecedor v\u00eddeo de su hijo de nueve a\u00f1os, gritando junto al cad\u00e1ver de su madre, a quien balearon delante de \u00e9l.<\/p>\n<\/p>\n<p>El Movimiento Defendamos la Paz se\u00f1al\u00f3 que su historia simboliza la de cientos de l\u00edderes asesinados por reclamar tierras, por defender el derecho a una vida digna, por insistir en el cumplimiento del Acuerdo de Paz o por intentar proteger el agua y los ecosistemas del territorio.<\/p>\n<\/p>\n<p>En los dos \u00faltimos a\u00f1os y medio han sido asesinados entre 600 y 700 l\u00edderes sociales en Colombia.<\/p>\n<\/p>\n<p>mgt\/tpa<\/p>\n<h6> 2019-06-27 11:42:56 <\/h6>\n<p><!--\n<link rel=\"stylesheet\" href=\"css\/bootstrap.min.css\">\n\n\n<ul class=\"pagination\">\n\t    \n\t\n\n<li >\n\t<a href='?page_no=1309'>Previous<\/a>\n\t<\/li>\n\n\n       \n    \n\n<li><a href='?page_no=1'>1<\/a><\/li>\n\n\n\n<li><a href='?page_no=2'>2<\/a><\/li>\n\n\n\n<li><a>...<\/a><\/li>\n\n\n\n<li><a href='?page_no=1308'>1308<\/a><\/li>\n\n\n\n<li><a href='?page_no=1309'>1309<\/a><\/li>\n\n\n\n<li class='active'><a>1310<\/a><\/li>\n\n\n\n<li><a href='?page_no=1311'>1311<\/a><\/li>\n\n\n\n<li><a href='?page_no=1312'>1312<\/a><\/li>\n\n\n\n<li><a>...<\/a><\/li>\n\n\n\n<li><a href='?page_no=1549'>1549<\/a><\/li>\n\n\n\n<li><a href='?page_no=1550'>1550<\/a><\/li>\n\n    \n\t\n\n<li >\n\t<a href='?page_no=1311'>Next<\/a>\n\t<\/li>\n\n\n    \n\n<li><a href='?page_no=1550'>Last &rsaquo;&rsaquo;<\/a><\/li>\n\n<\/ul>\n\n\n--><br \/>\n<\/body><\/p>\n","protected":false},"excerpt":{"rendered":"<p>Bogot\u00e1, 27 jun (Prensa Latina) El Movimiento Defendamos la Paz de Colombia llam\u00f3 hoy a una movilizaci\u00f3n mundial el pr\u00f3ximo 26 de julio para exigir se ponga punto final a los cr\u00edmenes contra l\u00edderes sociales. &#8216;Este ba\u00f1o de sangre debe terminar. Es imperativo que se emprendan las acciones necesarias para acabar con estos asesinatos, garantizar [&hellip;]<\/p>\n","protected":false},"author":3,"featured_media":0,"comment_status":"open","ping_status":"open","sticky":false,"template":"","format":"standard","meta":{"footnotes":""},"categories":[19],"tags":[],"class_list":["post-32431","post","type-post","status-publish","format-standard","hentry","category-mi-voz"],"_links":{"self":[{"href":"https:\/\/diariodominicano.com\/index.php?rest_route=\/wp\/v2\/posts\/32431","targetHints":{"allow":["GET"]}}],"collection":[{"href":"https:\/\/diariodominicano.com\/index.php?rest_route=\/wp\/v2\/posts"}],"about":[{"href":"https:\/\/diariodominicano.com\/index.php?rest_route=\/wp\/v2\/types\/post"}],"author":[{"embeddable":true,"href":"https:\/\/diariodominicano.com\/index.php?rest_route=\/wp\/v2\/users\/3"}],"replies":[{"embeddable":true,"href":"https:\/\/diariodominicano.com\/index.php?rest_route=%2Fwp%2Fv2%2Fcomments&post=32431"}],"version-history":[{"count":0,"href":"https:\/\/diariodominicano.com\/index.php?rest_route=\/wp\/v2\/posts\/32431\/revisions"}],"wp:attachment":[{"href":"https:\/\/diariodominicano.com\/index.php?rest_route=%2Fwp%2Fv2%2Fmedia&parent=32431"}],"wp:term":[{"taxonomy":"category","embeddable":true,"href":"https:\/\/diariodominicano.com\/index.php?rest_route=%2Fwp%2Fv2%2Fcategories&post=32431"},{"taxonomy":"post_tag","embeddable":true,"href":"https:\/\/diariodominicano.com\/index.php?rest_route=%2Fwp%2Fv2%2Ftags&post=32431"}],"curies":[{"name":"wp","href":"https:\/\/api.w.org\/{rel}","templated":true}]}}