{"id":32429,"date":"2019-06-27T11:48:23","date_gmt":"2019-06-27T11:48:23","guid":{"rendered":"http:\/\/diariodominicano.ddns.net\/?p=32429"},"modified":"2019-06-27T11:48:23","modified_gmt":"2019-06-27T11:48:23","slug":"politico-de-ecuador-condena-bloqueo-de-estados-unidos-contra-cuba","status":"publish","type":"post","link":"https:\/\/diariodominicano.com\/?p=32429","title":{"rendered":"Pol\u00edtico de Ecuador condena bloqueo de Estados Unidos contra Cuba"},"content":{"rendered":"<p><body><\/p>\n<p><img decoding=\"async\" src=\"img3\/ecuad111.jpg\" \/>  <\/p>\n<p>Quito, 27 jun (Prensa Latina) El abogado y pol\u00edtico ecuatoriano Ren\u00e9 Maug\u00e9 conden\u00f3 hoy la pol\u00edtica hostil de Estados Unidos contra Cuba, concentrada en el f\u00e9rreo bloqueo econ\u00f3mico, comercial y financiero impuesto al pa\u00eds caribe\u00f1o por casi seis d\u00e9cadas.<\/p>\n<\/p>\n<p>El tambi\u00e9n miembro de la Academia Nacional de Historia de Ecuador se\u00f1al\u00f3 a Prensa Latina que a pesar del rechazo mayoritario de los gobiernos en las Naciones Unidas, el presidente del pa\u00eds norte\u00f1o, Donald Trump, resolvi\u00f3 reactivar la Ley Helms-Burton en sus peores cap\u00edtulos, en referencia al T\u00edtulo III de esa normativa, que recrudece el car\u00e1cter extraterritorial de esa regulaci\u00f3n vigente desde 1996.<\/p>\n<\/p>\n<p>A su juicio, el nuevo paso busca cercar la econom\u00eda cubana y provocar una situaci\u00f3n de angustia de pueblo cubano a ver si de esa manera puede generar alg\u00fan elemento que les permita justificar algo.<\/p>\n<\/p>\n<p>&#8216;Pero esta es una pol\u00edtica criminal y el pueblo cubano durante casi 60 a\u00f1os ha resistido este cerco que es \u00fanico en la historia y no podemos menos que condenar una vez m\u00e1s esta pol\u00edtica criminal de Estados Unidos&#8217;, enfatiz\u00f3.<\/p>\n<\/p>\n<p>Maug\u00e9 se\u00f1al\u00f3 que en su criterio, el presidente estadounidense intenta armar conflictos, ya sea para aumentar su popularidad de cara a la pr\u00f3xima campa\u00f1a electoral, o por desespero ante los cambios mundiales acelerados.<\/p>\n<\/p>\n<p>&#8216;Estados Unidos no es el de ayer. Estados Unidos no es el que puede dictar ultim\u00e1tum alguno. Estados Unidos no es el que puede declarar una guerra impune y salir victorioso. No pudo lograrlo en Iraq, ni en las otras guerras en el Norte de \u00c1frica o en Afganist\u00e1n&#8217;, sentenci\u00f3.<\/p>\n<\/p>\n<p>Al respecto, consider\u00f3 que como el elemento de la guerra no le da resultado, frente a eso e incluso a su retroceso econ\u00f3mico, por la fuerza que tienen China, Rusia, Vietnam y la Uni\u00f3n Europea, est\u00e1 desesperado y pretende asfixiar al pueblo cubano.<\/p>\n<\/p>\n<p>&#8216;No lo va a lograr, porque considero que m\u00e1s temprano que tarde el propio pueblo norteamericano va a despertar del profundo enga\u00f1o de sus \u00e9lites&#8217;, advirti\u00f3.<\/p>\n<\/p>\n<p>En ese sentido, recalc\u00f3 que Cuba es un ejemplo y referente para el mundo de resistencia y lucha antimperialista.<\/p>\n<\/p>\n<p>Su pronunciamiento de condena al bloqueo econ\u00f3mico, financiero y comercial estadounidense contra la Mayor de las Antillas, se dio a prop\u00f3sito de su asistencia a un panel sobre la historia de la naci\u00f3n caribe\u00f1a y su nueva Constituci\u00f3n, que recientemente entr\u00f3 en vigor luego de un largo proceso de consulta popular.<\/p>\n<\/p>\n<p>agp\/scm<\/p>\n<h6> 2019-06-27 11:48:23 <\/h6>\n<p><!--\n<link rel=\"stylesheet\" href=\"css\/bootstrap.min.css\">\n\n\n<ul class=\"pagination\">\n\t    \n\t\n\n<li >\n\t<a href='?page_no=1308'>Previous<\/a>\n\t<\/li>\n\n\n       \n    \n\n<li><a href='?page_no=1'>1<\/a><\/li>\n\n\n\n<li><a href='?page_no=2'>2<\/a><\/li>\n\n\n\n<li><a>...<\/a><\/li>\n\n\n\n<li><a href='?page_no=1307'>1307<\/a><\/li>\n\n\n\n<li><a href='?page_no=1308'>1308<\/a><\/li>\n\n\n\n<li class='active'><a>1309<\/a><\/li>\n\n\n\n<li><a href='?page_no=1310'>1310<\/a><\/li>\n\n\n\n<li><a href='?page_no=1311'>1311<\/a><\/li>\n\n\n\n<li><a>...<\/a><\/li>\n\n\n\n<li><a href='?page_no=1549'>1549<\/a><\/li>\n\n\n\n<li><a href='?page_no=1550'>1550<\/a><\/li>\n\n    \n\t\n\n<li >\n\t<a href='?page_no=1310'>Next<\/a>\n\t<\/li>\n\n\n    \n\n<li><a href='?page_no=1550'>Last &rsaquo;&rsaquo;<\/a><\/li>\n\n<\/ul>\n\n\n--><br \/>\n<\/body><\/p>\n","protected":false},"excerpt":{"rendered":"<p>Quito, 27 jun (Prensa Latina) El abogado y pol\u00edtico ecuatoriano Ren\u00e9 Maug\u00e9 conden\u00f3 hoy la pol\u00edtica hostil de Estados Unidos contra Cuba, concentrada en el f\u00e9rreo bloqueo econ\u00f3mico, comercial y financiero impuesto al pa\u00eds caribe\u00f1o por casi seis d\u00e9cadas. El tambi\u00e9n miembro de la Academia Nacional de Historia de Ecuador se\u00f1al\u00f3 a Prensa Latina que [&hellip;]<\/p>\n","protected":false},"author":3,"featured_media":0,"comment_status":"open","ping_status":"open","sticky":false,"template":"","format":"standard","meta":{"footnotes":""},"categories":[19],"tags":[],"class_list":["post-32429","post","type-post","status-publish","format-standard","hentry","category-mi-voz"],"_links":{"self":[{"href":"https:\/\/diariodominicano.com\/index.php?rest_route=\/wp\/v2\/posts\/32429","targetHints":{"allow":["GET"]}}],"collection":[{"href":"https:\/\/diariodominicano.com\/index.php?rest_route=\/wp\/v2\/posts"}],"about":[{"href":"https:\/\/diariodominicano.com\/index.php?rest_route=\/wp\/v2\/types\/post"}],"author":[{"embeddable":true,"href":"https:\/\/diariodominicano.com\/index.php?rest_route=\/wp\/v2\/users\/3"}],"replies":[{"embeddable":true,"href":"https:\/\/diariodominicano.com\/index.php?rest_route=%2Fwp%2Fv2%2Fcomments&post=32429"}],"version-history":[{"count":0,"href":"https:\/\/diariodominicano.com\/index.php?rest_route=\/wp\/v2\/posts\/32429\/revisions"}],"wp:attachment":[{"href":"https:\/\/diariodominicano.com\/index.php?rest_route=%2Fwp%2Fv2%2Fmedia&parent=32429"}],"wp:term":[{"taxonomy":"category","embeddable":true,"href":"https:\/\/diariodominicano.com\/index.php?rest_route=%2Fwp%2Fv2%2Fcategories&post=32429"},{"taxonomy":"post_tag","embeddable":true,"href":"https:\/\/diariodominicano.com\/index.php?rest_route=%2Fwp%2Fv2%2Ftags&post=32429"}],"curies":[{"name":"wp","href":"https:\/\/api.w.org\/{rel}","templated":true}]}}