{"id":32427,"date":"2019-06-28T11:28:12","date_gmt":"2019-06-28T11:28:12","guid":{"rendered":"http:\/\/diariodominicano.ddns.net\/?p=32427"},"modified":"2019-06-28T11:28:12","modified_gmt":"2019-06-28T11:28:12","slug":"prosiguen-protestas-en-costa-rica-contra-impuestos-y-leyes-lesivas","status":"publish","type":"post","link":"https:\/\/diariodominicano.com\/?p=32427","title":{"rendered":"Prosiguen protestas en Costa Rica contra impuestos y leyes lesivas"},"content":{"rendered":"<p><body><\/p>\n<p><img decoding=\"async\" src=\"img3\/prots.jpg\" \/>  <\/p>\n<p><strong><span class=\"text1noticias\">San Jos\u00e9, 28 jun (Prensa Latina)<\/span><\/strong><span class=\"text1noticias\"> Transportistas, estudiantes y empleados p\u00fablicos de Costa Rica mantienen hoy sus protestas en diversas zonas del pa\u00eds contra la entrada en vigor de nuevos impuestos y proyectos de ley que consideran lesivos a la clase trabajadora.<\/span><\/p>\n<p><span class=\"text1noticias\"> <\/span><\/p>\n<p><span class=\"text1noticias\">Esos sectores laborales rechazan proyectos de leyes, actualmente en curso en la Asamblea Legislativa, por considerarlas antisindicales, contrarias al empleo p\u00fablico, la educaci\u00f3n dual y por criminalizar el derecho a la huelga. Tambi\u00e9n repudian la entrada en vigor el pr\u00f3ximo lunes del Impuesto al Valor Agregado a todos los servicios y algunos productos.<\/span><\/p>\n<p><span class=\"text1noticias\"> <\/span><\/p>\n<p><span class=\"text1noticias\">En medio de esas tensiones y protestas sociales el presidente de Costa Rica llam\u00f3 este jueves a la ciudadan\u00eda a la paz social, la calma, la mesura y el respeto.<\/span><\/p>\n<p><span class=\"text1noticias\"> <\/span><\/p>\n<p><span class=\"text1noticias\">Aunque sin coartar la protesta social justa, analistas, l\u00edderes de algunos sindicatos y el diputado del Frente Amplio, Jos\u00e9 Mar\u00eda Villalta, alertan ante posibles confusiones y el aprovechamiento de las manifestaciones por sectores ultraconservadores para enfrentar a los costarricenses.<\/span><\/p>\n<p><span class=\"text1noticias\"> <\/span><\/p>\n<p><span class=\"text1noticias\">El analista pol\u00edtico \u00c3&#8217;scar Barrantes sostiene que &#8216;en r\u00edo revuelto pescan los corsarios del fascismo&#8217; y agrega que es correcta la apreciaci\u00f3n de los acontecimientos con sind\u00e9resis (capacidad natural para juzgar rectamente, con acierto) y no dejarse llevar por las falsas trompetas de la &#8216;revuelta popular&#8217;.<\/span><\/p>\n<p><span class=\"text1noticias\"> <\/span><\/p>\n<p><span class=\"text1noticias\">Por su parte, Villalta, si bien urge al gobierno a escuchar a los diferentes sectores de la sociedad, pidi\u00f3 en particular a los estudiantes que no equivoquen el objetivo.<\/span><\/p>\n<p><span class=\"text1noticias\"> <\/span><\/p>\n<p><span class=\"text1noticias\">&#8216;El problema no es que el Gobierno reconozca y respete los derechos de la poblaci\u00f3n sexualmente diversa. Eso esta bien. El problema es cuando no se atienden otras demandas&#8217;, indic\u00f3.<\/span><\/p>\n<p><span class=\"text1noticias\"> <\/span><\/p>\n<p><span class=\"text1noticias\">tgj\/ale<\/span><\/p>\n<\/p>\n<\/p>\n<h6> 2019-06-28 11:28:12 <\/h6>\n<p><!--\n<link rel=\"stylesheet\" href=\"css\/bootstrap.min.css\">\n\n\n<ul class=\"pagination\">\n\t    \n\t\n\n<li >\n\t<a href='?page_no=1306'>Previous<\/a>\n\t<\/li>\n\n\n       \n    \n\n<li><a href='?page_no=1'>1<\/a><\/li>\n\n\n\n<li><a href='?page_no=2'>2<\/a><\/li>\n\n\n\n<li><a>...<\/a><\/li>\n\n\n\n<li><a href='?page_no=1305'>1305<\/a><\/li>\n\n\n\n<li><a href='?page_no=1306'>1306<\/a><\/li>\n\n\n\n<li class='active'><a>1307<\/a><\/li>\n\n\n\n<li><a href='?page_no=1308'>1308<\/a><\/li>\n\n\n\n<li><a href='?page_no=1309'>1309<\/a><\/li>\n\n\n\n<li><a>...<\/a><\/li>\n\n\n\n<li><a href='?page_no=1549'>1549<\/a><\/li>\n\n\n\n<li><a href='?page_no=1550'>1550<\/a><\/li>\n\n    \n\t\n\n<li >\n\t<a href='?page_no=1308'>Next<\/a>\n\t<\/li>\n\n\n    \n\n<li><a href='?page_no=1550'>Last &rsaquo;&rsaquo;<\/a><\/li>\n\n<\/ul>\n\n\n--><br \/>\n<\/body><\/p>\n","protected":false},"excerpt":{"rendered":"<p>San Jos\u00e9, 28 jun (Prensa Latina) Transportistas, estudiantes y empleados p\u00fablicos de Costa Rica mantienen hoy sus protestas en diversas zonas del pa\u00eds contra la entrada en vigor de nuevos impuestos y proyectos de ley que consideran lesivos a la clase trabajadora. Esos sectores laborales rechazan proyectos de leyes, actualmente en curso en la Asamblea [&hellip;]<\/p>\n","protected":false},"author":3,"featured_media":0,"comment_status":"open","ping_status":"open","sticky":false,"template":"","format":"standard","meta":{"footnotes":""},"categories":[19],"tags":[],"class_list":["post-32427","post","type-post","status-publish","format-standard","hentry","category-mi-voz"],"_links":{"self":[{"href":"https:\/\/diariodominicano.com\/index.php?rest_route=\/wp\/v2\/posts\/32427","targetHints":{"allow":["GET"]}}],"collection":[{"href":"https:\/\/diariodominicano.com\/index.php?rest_route=\/wp\/v2\/posts"}],"about":[{"href":"https:\/\/diariodominicano.com\/index.php?rest_route=\/wp\/v2\/types\/post"}],"author":[{"embeddable":true,"href":"https:\/\/diariodominicano.com\/index.php?rest_route=\/wp\/v2\/users\/3"}],"replies":[{"embeddable":true,"href":"https:\/\/diariodominicano.com\/index.php?rest_route=%2Fwp%2Fv2%2Fcomments&post=32427"}],"version-history":[{"count":0,"href":"https:\/\/diariodominicano.com\/index.php?rest_route=\/wp\/v2\/posts\/32427\/revisions"}],"wp:attachment":[{"href":"https:\/\/diariodominicano.com\/index.php?rest_route=%2Fwp%2Fv2%2Fmedia&parent=32427"}],"wp:term":[{"taxonomy":"category","embeddable":true,"href":"https:\/\/diariodominicano.com\/index.php?rest_route=%2Fwp%2Fv2%2Fcategories&post=32427"},{"taxonomy":"post_tag","embeddable":true,"href":"https:\/\/diariodominicano.com\/index.php?rest_route=%2Fwp%2Fv2%2Ftags&post=32427"}],"curies":[{"name":"wp","href":"https:\/\/api.w.org\/{rel}","templated":true}]}}