{"id":32426,"date":"2019-06-28T11:35:33","date_gmt":"2019-06-28T11:35:33","guid":{"rendered":"http:\/\/diariodominicano.ddns.net\/?p=32426"},"modified":"2019-06-28T11:35:33","modified_gmt":"2019-06-28T11:35:33","slug":"paises-caribenos-en-batalla-frontal-contra-el-sargazo-en-sus-playas","status":"publish","type":"post","link":"https:\/\/diariodominicano.com\/?p=32426","title":{"rendered":"Pa\u00edses caribe\u00f1os en batalla frontal contra el sargazo en sus playas"},"content":{"rendered":"<p><body><\/p>\n<p><img decoding=\"async\" src=\"img3\/sargaz.jpg\" \/>  <\/p>\n<p>M\u00e9xico, 28 jun (Prensa Latina) Doce pa\u00edses del Caribe afectados por toneladas de sargazo en sus playas acordaron buscar apoyo econ\u00f3mico internacional para combatir un problema que afecta a 19 naciones, indicaron hoy en un comunicado.<\/p>\n<\/p>\n<p>El encuentro, realizado en Quintana Roo, reuni\u00f3 a ministros de Medio Ambiente y Turismo de 12 de los 19 pa\u00edses impactados por el arribo del sargazo en las costas del Gran Caribe, y fue coordinado por el gobernador de Quintana Roo, Carlos Joaqu\u00edn Gonz\u00e1lez.<\/p>\n<\/p>\n<p>El comunicado se\u00f1ala que durante una reuni\u00f3n de especialistas y funcionarios de alto nivel en M\u00e9xico se lleg\u00f3 a la conclusi\u00f3n de que una de las formas para obtener el apoyo es solicitar una enmienda a la Convenci\u00f3n de Cartagena, lo que permitir\u00eda que el sargazo reciba la categor\u00eda de especie invasora.<\/p>\n<\/p>\n<p>Explicaron que la Convenci\u00f3n de Cartagena de Indias se firm\u00f3 en 1983 y tiene como objetivo que los pa\u00edses de la regi\u00f3n del Gran Caribe logren un equilibrio entre el desarrollo y la protecci\u00f3n del medio marino, adem\u00e1s de que est\u00e1 enfocada en reconocer su valor econ\u00f3mico, social y cultural e incluye las zonas costeras.<\/p>\n<\/p>\n<p>Actualmente, la convenci\u00f3n otorga apoyo econ\u00f3mico internacional para combatir diferentes problemas, entre ellos, los da\u00f1os ocasionados por derrames de hidrocarburos en la regi\u00f3n del Gran Caribe, para la protecci\u00f3n de la flora y fauna silvestres especialmente protegidas, y para la prevenci\u00f3n y control de la contaminaci\u00f3n marina por fuentes y actividades terrestres.<\/p>\n<\/p>\n<p>Es en esta lista en la que pretenden a\u00f1adir la enmienda que categoriza al sargazo como una especie invasora.<\/p>\n<\/p>\n<p>De acuerdo con la secretaria general de la Asociaci\u00f3n de Estados Americano, June Soomer, &#8216;con ese protocolo se puede solicitar financiamiento, pues se tendr\u00edan objetivos espec\u00edficos y un mecanismo&#8217;.<\/p>\n<\/p>\n<p>Soomer, de Santa Luc\u00eda, explic\u00f3 que se busca este apoyo porque la mayor\u00eda de los estados de la regi\u00f3n del Caribe est\u00e1n en v\u00edas de desarrollo y no cuentan con recursos para enfrentar el problema, por lo que se requiere la uni\u00f3n de todos para obtener financiamiento, ya que el sargazo afecta a todos los que ofrecen servicios en la regi\u00f3n.<\/p>\n<\/p>\n<p>El encuentro de alto nivel tambi\u00e9n estableci\u00f3 un plan de acci\u00f3n que contempla 26 conclusiones con las que se pretende enfrentar la mancha de sargazo, entre ellas, construir una agenda de cooperaci\u00f3n en materia de an\u00e1lisis del fen\u00f3meno del alga para generar propuestas de soluci\u00f3n de fondo en el contexto internacional.<\/p>\n<\/p>\n<p>Asimismo, compartir investigaciones, dise\u00f1ar un sistema de alerta temprana para actuar de forma preventiva ante el arribo del sargazo y dejar de ver el problema como algo que afecta solo al turismo.<\/p>\n<\/p>\n<p>Soomer a\u00f1adi\u00f3 que aunque quieran no es posible enfrentar solos el problema, &#8216;pues es algo en lo que se deben involucrar los tres niveles de gobierno, la iniciativa privada y la poblaci\u00f3n en general&#8217;.<\/p>\n<\/p>\n<p>En el encuentro estuvo presente el secretario de Ecolog\u00eda estatal, Alfredo Arellano, quien se\u00f1al\u00f3 que las &#8216;afectaciones ambientales por el sargazo ya son visibles aqu\u00ed, pues el turquesa de las playas empieza a desaparecer y el alga en el mar impide que la luz del sol llegue a los arrecifes, lo que genera da\u00f1os irreversibles.&#8217; <\/p>\n<\/p>\n<p>agp\/lma<\/p>\n<h6> 2019-06-28 11:35:33 <\/h6>\n<p><!--\n<link rel=\"stylesheet\" href=\"css\/bootstrap.min.css\">\n\n\n<ul class=\"pagination\">\n\t    \n\t\n\n<li >\n\t<a href='?page_no=1305'>Previous<\/a>\n\t<\/li>\n\n\n       \n    \n\n<li><a href='?page_no=1'>1<\/a><\/li>\n\n\n\n<li><a href='?page_no=2'>2<\/a><\/li>\n\n\n\n<li><a>...<\/a><\/li>\n\n\n\n<li><a href='?page_no=1304'>1304<\/a><\/li>\n\n\n\n<li><a href='?page_no=1305'>1305<\/a><\/li>\n\n\n\n<li class='active'><a>1306<\/a><\/li>\n\n\n\n<li><a href='?page_no=1307'>1307<\/a><\/li>\n\n\n\n<li><a href='?page_no=1308'>1308<\/a><\/li>\n\n\n\n<li><a>...<\/a><\/li>\n\n\n\n<li><a href='?page_no=1549'>1549<\/a><\/li>\n\n\n\n<li><a href='?page_no=1550'>1550<\/a><\/li>\n\n    \n\t\n\n<li >\n\t<a href='?page_no=1307'>Next<\/a>\n\t<\/li>\n\n\n    \n\n<li><a href='?page_no=1550'>Last &rsaquo;&rsaquo;<\/a><\/li>\n\n<\/ul>\n\n\n--><br \/>\n<\/body><\/p>\n","protected":false},"excerpt":{"rendered":"<p>M\u00e9xico, 28 jun (Prensa Latina) Doce pa\u00edses del Caribe afectados por toneladas de sargazo en sus playas acordaron buscar apoyo econ\u00f3mico internacional para combatir un problema que afecta a 19 naciones, indicaron hoy en un comunicado. El encuentro, realizado en Quintana Roo, reuni\u00f3 a ministros de Medio Ambiente y Turismo de 12 de los 19 [&hellip;]<\/p>\n","protected":false},"author":3,"featured_media":0,"comment_status":"open","ping_status":"open","sticky":false,"template":"","format":"standard","meta":{"footnotes":""},"categories":[19],"tags":[],"class_list":["post-32426","post","type-post","status-publish","format-standard","hentry","category-mi-voz"],"_links":{"self":[{"href":"https:\/\/diariodominicano.com\/index.php?rest_route=\/wp\/v2\/posts\/32426","targetHints":{"allow":["GET"]}}],"collection":[{"href":"https:\/\/diariodominicano.com\/index.php?rest_route=\/wp\/v2\/posts"}],"about":[{"href":"https:\/\/diariodominicano.com\/index.php?rest_route=\/wp\/v2\/types\/post"}],"author":[{"embeddable":true,"href":"https:\/\/diariodominicano.com\/index.php?rest_route=\/wp\/v2\/users\/3"}],"replies":[{"embeddable":true,"href":"https:\/\/diariodominicano.com\/index.php?rest_route=%2Fwp%2Fv2%2Fcomments&post=32426"}],"version-history":[{"count":0,"href":"https:\/\/diariodominicano.com\/index.php?rest_route=\/wp\/v2\/posts\/32426\/revisions"}],"wp:attachment":[{"href":"https:\/\/diariodominicano.com\/index.php?rest_route=%2Fwp%2Fv2%2Fmedia&parent=32426"}],"wp:term":[{"taxonomy":"category","embeddable":true,"href":"https:\/\/diariodominicano.com\/index.php?rest_route=%2Fwp%2Fv2%2Fcategories&post=32426"},{"taxonomy":"post_tag","embeddable":true,"href":"https:\/\/diariodominicano.com\/index.php?rest_route=%2Fwp%2Fv2%2Ftags&post=32426"}],"curies":[{"name":"wp","href":"https:\/\/api.w.org\/{rel}","templated":true}]}}