{"id":32425,"date":"2019-06-28T11:45:53","date_gmt":"2019-06-28T11:45:53","guid":{"rendered":"http:\/\/diariodominicano.ddns.net\/?p=32425"},"modified":"2019-06-28T11:45:53","modified_gmt":"2019-06-28T11:45:53","slug":"golpe-a-zelaya-inicio-agresion-a-procesos-progresistas-dice-maduro","status":"publish","type":"post","link":"https:\/\/diariodominicano.com\/?p=32425","title":{"rendered":"Golpe a Zelaya inici\u00f3 agresi\u00f3n a procesos progresistas, dice Maduro"},"content":{"rendered":"<p><body><\/p>\n<p><img decoding=\"async\" src=\"img3\/golp1.jpg\" \/>  <\/p>\n<p><strong>Caracas, 28 jun (Prensa Latina) <\/strong>El golpe de Estado al presidente hondure\u00f1o Manuel Zelaya inici\u00f3 la agresi\u00f3n contra los gobiernos progresistas de la regi\u00f3n, asegur\u00f3 hoy el presidente venezolano, Nicol\u00e1s Maduro.<\/p>\n<\/p>\n<p>A trav\u00e9s de su cuenta en la red social Twitter, el dignatario record\u00f3 el d\u00e9cimo aniversario de la acci\u00f3n, promovida por un grupo de la oligarqu\u00eda de ese pa\u00eds y rechazado por la comunidad internacional.<\/p>\n<\/p>\n<p>&#8216;No podr\u00e1n los golpes y las agresiones doblegar la voluntad de lucha de los movimientos progresistas de la Patria Grande&#8217;, escribi\u00f3 el jefe de Estado venezolano.<\/p>\n<\/p>\n<p>Manuel Zelaya fue electo democr\u00e1ticamente en elecciones realizadas en 2005, por lo que asumi\u00f3 el cargo el 27 de enero de 2006 por un per\u00edodo de cuatro a\u00f1os.<\/p>\n<\/p>\n<p>En 2009, el entonces mandatario pretend\u00eda realizar una consulta popular para convocar una Asamblea Nacional Constituyente con la intenci\u00f3n de modificar la constituci\u00f3n de 1981.<\/p>\n<\/p>\n<p>Sin embargo, la Corte Suprema de Justicia, junto al Tribunal Supremo Electoral, la Fiscal\u00eda General y el Congreso Nacional se opuso a la consulta debido a la influencia de conservadores y opositores al Gobierno.<\/p>\n<\/p>\n<p>Para el 28 de junio, el Ej\u00e9rcito recibi\u00f3 la orden emitida por la Corte Suprema de arrestar al presidente. Los militares cumplieron con la medida y expulsaron al mandatario por la fuerza hacia Costa Rica.<\/p>\n<\/p>\n<p>mv\/ebr<\/p>\n<h6> 2019-06-28 11:45:53 <\/h6>\n<p><!--\n<link rel=\"stylesheet\" href=\"css\/bootstrap.min.css\">\n\n\n<ul class=\"pagination\">\n\t    \n\t\n\n<li >\n\t<a href='?page_no=1304'>Previous<\/a>\n\t<\/li>\n\n\n       \n    \n\n<li><a href='?page_no=1'>1<\/a><\/li>\n\n\n\n<li><a href='?page_no=2'>2<\/a><\/li>\n\n\n\n<li><a>...<\/a><\/li>\n\n\n\n<li><a href='?page_no=1303'>1303<\/a><\/li>\n\n\n\n<li><a href='?page_no=1304'>1304<\/a><\/li>\n\n\n\n<li class='active'><a>1305<\/a><\/li>\n\n\n\n<li><a href='?page_no=1306'>1306<\/a><\/li>\n\n\n\n<li><a href='?page_no=1307'>1307<\/a><\/li>\n\n\n\n<li><a>...<\/a><\/li>\n\n\n\n<li><a href='?page_no=1549'>1549<\/a><\/li>\n\n\n\n<li><a href='?page_no=1550'>1550<\/a><\/li>\n\n    \n\t\n\n<li >\n\t<a href='?page_no=1306'>Next<\/a>\n\t<\/li>\n\n\n    \n\n<li><a href='?page_no=1550'>Last &rsaquo;&rsaquo;<\/a><\/li>\n\n<\/ul>\n\n\n--><br \/>\n<\/body><\/p>\n","protected":false},"excerpt":{"rendered":"<p>Caracas, 28 jun (Prensa Latina) El golpe de Estado al presidente hondure\u00f1o Manuel Zelaya inici\u00f3 la agresi\u00f3n contra los gobiernos progresistas de la regi\u00f3n, asegur\u00f3 hoy el presidente venezolano, Nicol\u00e1s Maduro. A trav\u00e9s de su cuenta en la red social Twitter, el dignatario record\u00f3 el d\u00e9cimo aniversario de la acci\u00f3n, promovida por un grupo de [&hellip;]<\/p>\n","protected":false},"author":3,"featured_media":0,"comment_status":"open","ping_status":"open","sticky":false,"template":"","format":"standard","meta":{"footnotes":""},"categories":[19],"tags":[],"class_list":["post-32425","post","type-post","status-publish","format-standard","hentry","category-mi-voz"],"_links":{"self":[{"href":"https:\/\/diariodominicano.com\/index.php?rest_route=\/wp\/v2\/posts\/32425","targetHints":{"allow":["GET"]}}],"collection":[{"href":"https:\/\/diariodominicano.com\/index.php?rest_route=\/wp\/v2\/posts"}],"about":[{"href":"https:\/\/diariodominicano.com\/index.php?rest_route=\/wp\/v2\/types\/post"}],"author":[{"embeddable":true,"href":"https:\/\/diariodominicano.com\/index.php?rest_route=\/wp\/v2\/users\/3"}],"replies":[{"embeddable":true,"href":"https:\/\/diariodominicano.com\/index.php?rest_route=%2Fwp%2Fv2%2Fcomments&post=32425"}],"version-history":[{"count":0,"href":"https:\/\/diariodominicano.com\/index.php?rest_route=\/wp\/v2\/posts\/32425\/revisions"}],"wp:attachment":[{"href":"https:\/\/diariodominicano.com\/index.php?rest_route=%2Fwp%2Fv2%2Fmedia&parent=32425"}],"wp:term":[{"taxonomy":"category","embeddable":true,"href":"https:\/\/diariodominicano.com\/index.php?rest_route=%2Fwp%2Fv2%2Fcategories&post=32425"},{"taxonomy":"post_tag","embeddable":true,"href":"https:\/\/diariodominicano.com\/index.php?rest_route=%2Fwp%2Fv2%2Ftags&post=32425"}],"curies":[{"name":"wp","href":"https:\/\/api.w.org\/{rel}","templated":true}]}}